
{"id":110672,"date":"2023-06-22T16:14:15","date_gmt":"2023-06-22T19:14:15","guid":{"rendered":"https:\/\/www.sudoestehoje.com.br\/novoportal\/?p=110672"},"modified":"2023-06-22T16:14:15","modified_gmt":"2023-06-22T19:14:15","slug":"itapetinga-arraia-da-lagoa-esta-pronto-para-o-inicio-da-festa-nesta-quinta","status":"publish","type":"post","link":"https:\/\/www.sudoestehoje.com.br\/novoportal\/2023\/06\/22\/itapetinga-arraia-da-lagoa-esta-pronto-para-o-inicio-da-festa-nesta-quinta\/","title":{"rendered":"ITAPETINGA | ARRAI\u00c1 DA LAGOA EST\u00c1 PRONTO PARA O IN\u00cdCIO DA FESTA NESTA QUINTA"},"content":{"rendered":"<p><a href=\"https:\/\/www.sudoestehoje.com.br\/novoportal\/wp-content\/uploads\/2023\/06\/1ed2bf88-ee5a-472b-b629-245de178dc9d.jpg\"><img loading=\"lazy\" decoding=\"async\" class=\"aligncenter  wp-image-110673\" src=\"https:\/\/www.sudoestehoje.com.br\/novoportal\/wp-content\/uploads\/2023\/06\/1ed2bf88-ee5a-472b-b629-245de178dc9d-600x338.jpg\" alt=\"\" width=\"550\" height=\"310\" srcset=\"https:\/\/www.sudoestehoje.com.br\/novoportal\/wp-content\/uploads\/2023\/06\/1ed2bf88-ee5a-472b-b629-245de178dc9d-600x338.jpg 600w, https:\/\/www.sudoestehoje.com.br\/novoportal\/wp-content\/uploads\/2023\/06\/1ed2bf88-ee5a-472b-b629-245de178dc9d-700x394.jpg 700w, https:\/\/www.sudoestehoje.com.br\/novoportal\/wp-content\/uploads\/2023\/06\/1ed2bf88-ee5a-472b-b629-245de178dc9d-768x432.jpg 768w, https:\/\/www.sudoestehoje.com.br\/novoportal\/wp-content\/uploads\/2023\/06\/1ed2bf88-ee5a-472b-b629-245de178dc9d-1536x865.jpg 1536w, https:\/\/www.sudoestehoje.com.br\/novoportal\/wp-content\/uploads\/2023\/06\/1ed2bf88-ee5a-472b-b629-245de178dc9d.jpg 1600w\" sizes=\"auto, (max-width: 550px) 100vw, 550px\" \/><\/a><\/p>\n<p><strong>Nos acertos finais, a estrutura de palco, som e barracas j\u00e1 est\u00e1 99,9% pronta, aguardando o in\u00edcio do tradicional S\u00e3o Jo\u00e3o da Lagoa, em Itapetinga, um dos melhores e mais concorrido do interior da Bahia.<\/strong><\/p>\n<p><strong>Para esta quinta-feira (22), \u00e9 esperado um grande p\u00fablico para assistir e dan\u00e7ar muito forr\u00f3 ao som de PEU DO ACORDEON, BOTECO DAS AMIGAS, OT\u00c1VIO MATHEUS e SOLANGE ALMEIDA, que fecha o primeiro dia da festa.<\/strong><\/p>\n<p><strong>Vai ser um fest\u00e3o, podem esperar&#8230;<\/strong><\/p>\n<p><strong>Reda\u00e7\u00e3o<\/strong><\/p>\n","protected":false},"excerpt":{"rendered":"<p>Nos acertos finais, a estrutura de palco, som e barracas j\u00e1 est\u00e1 99,9% pronta, aguardando o in\u00edcio do tradicional S\u00e3o Jo\u00e3o da Lagoa, em Itapetinga, um dos melhores e mais concorrido do interior da Bahia. Para esta quinta-feira (22), \u00e9 esperado um grande p\u00fablico para assistir e dan\u00e7ar muito forr\u00f3 ao som de PEU DO [&hellip;]<\/p>\n","protected":false},"author":2,"featured_media":110673,"comment_status":"closed","ping_status":"open","sticky":false,"template":"","format":"standard","meta":{"footnotes":"","_links_to":"","_links_to_target":""},"categories":[1],"tags":[],"class_list":["post-110672","post","type-post","status-publish","format-standard","has-post-thumbnail","hentry","category-geral"],"views":1298,"_links":{"self":[{"href":"https:\/\/www.sudoestehoje.com.br\/novoportal\/wp-json\/wp\/v2\/posts\/110672","targetHints":{"allow":["GET"]}}],"collection":[{"href":"https:\/\/www.sudoestehoje.com.br\/novoportal\/wp-json\/wp\/v2\/posts"}],"about":[{"href":"https:\/\/www.sudoestehoje.com.br\/novoportal\/wp-json\/wp\/v2\/types\/post"}],"author":[{"embeddable":true,"href":"https:\/\/www.sudoestehoje.com.br\/novoportal\/wp-json\/wp\/v2\/users\/2"}],"replies":[{"embeddable":true,"href":"https:\/\/www.sudoestehoje.com.br\/novoportal\/wp-json\/wp\/v2\/comments?post=110672"}],"version-history":[{"count":3,"href":"https:\/\/www.sudoestehoje.com.br\/novoportal\/wp-json\/wp\/v2\/posts\/110672\/revisions"}],"predecessor-version":[{"id":110676,"href":"https:\/\/www.sudoestehoje.com.br\/novoportal\/wp-json\/wp\/v2\/posts\/110672\/revisions\/110676"}],"wp:featuredmedia":[{"embeddable":true,"href":"https:\/\/www.sudoestehoje.com.br\/novoportal\/wp-json\/wp\/v2\/media\/110673"}],"wp:attachment":[{"href":"https:\/\/www.sudoestehoje.com.br\/novoportal\/wp-json\/wp\/v2\/media?parent=110672"}],"wp:term":[{"taxonomy":"category","embeddable":true,"href":"https:\/\/www.sudoestehoje.com.br\/novoportal\/wp-json\/wp\/v2\/categories?post=110672"},{"taxonomy":"post_tag","embeddable":true,"href":"https:\/\/www.sudoestehoje.com.br\/novoportal\/wp-json\/wp\/v2\/tags?post=110672"}],"curies":[{"name":"wp","href":"https:\/\/api.w.org\/{rel}","templated":true}]}}