
{"id":110659,"date":"2023-06-21T21:05:22","date_gmt":"2023-06-22T00:05:22","guid":{"rendered":"https:\/\/www.sudoestehoje.com.br\/novoportal\/?p=110659"},"modified":"2023-06-21T21:09:13","modified_gmt":"2023-06-22T00:09:13","slug":"video-colisao-entre-3-carros-causam-uma-morte-e-incendio-de-2-veiculos","status":"publish","type":"post","link":"https:\/\/www.sudoestehoje.com.br\/novoportal\/2023\/06\/21\/video-colisao-entre-3-carros-causam-uma-morte-e-incendio-de-2-veiculos\/","title":{"rendered":"V\u00cdDEO | COLIS\u00c3O ENTRE TR\u00caS CARROS CAUSAM UMA MORTE E INC\u00caNDIO DE DOIS VE\u00cdCULOS ENTRE ITAPETINGA E ITAMB\u00c9"},"content":{"rendered":"<p><a href=\"https:\/\/www.sudoestehoje.com.br\/novoportal\/wp-content\/uploads\/2023\/06\/IMG_6985-768x774-1.jpeg\"><img loading=\"lazy\" decoding=\"async\" class=\"aligncenter wp-image-110661\" src=\"https:\/\/www.sudoestehoje.com.br\/novoportal\/wp-content\/uploads\/2023\/06\/IMG_6985-768x774-1-600x605.jpeg\" alt=\"\" width=\"551\" height=\"556\" srcset=\"https:\/\/www.sudoestehoje.com.br\/novoportal\/wp-content\/uploads\/2023\/06\/IMG_6985-768x774-1-600x605.jpeg 600w, https:\/\/www.sudoestehoje.com.br\/novoportal\/wp-content\/uploads\/2023\/06\/IMG_6985-768x774-1-700x705.jpeg 700w, https:\/\/www.sudoestehoje.com.br\/novoportal\/wp-content\/uploads\/2023\/06\/IMG_6985-768x774-1-150x150.jpeg 150w, https:\/\/www.sudoestehoje.com.br\/novoportal\/wp-content\/uploads\/2023\/06\/IMG_6985-768x774-1.jpeg 768w\" sizes=\"auto, (max-width: 551px) 100vw, 551px\" \/><\/a><\/p>\n<p><strong>Um tr\u00e1gico acidente ocorrido na tarde desta quarta-feira (21), na BA-263, entre Itamb\u00e9 a Itapetinga, deixou uma v\u00edtima fatal.<\/strong><\/p>\n<p><strong>Tr\u00eas carros colidiram e dois deles pegaram fogo. Uma mulher morreu na hora. O terceiro ve\u00edculo envolvido na colis\u00e3o ficou destru\u00eddo.<\/strong><\/p>\n<p><strong>A identidade da v\u00edtima n\u00e3o foi divulgado. Ainda n\u00e3o h\u00e1 maiores detalhes sobre as circunst\u00e2ncias do acidente e sobre feridos. \/\/Blog do Sena<\/strong><\/p>\n<p><iframe loading=\"lazy\" title=\"21 de junho de 2023\" width=\"500\" height=\"375\" src=\"https:\/\/www.youtube.com\/embed\/GglpyRYRsSs?feature=oembed\" frameborder=\"0\" allow=\"accelerometer; autoplay; clipboard-write; encrypted-media; gyroscope; picture-in-picture; web-share\" referrerpolicy=\"strict-origin-when-cross-origin\" allowfullscreen><\/iframe><\/p>\n","protected":false},"excerpt":{"rendered":"<p>Um tr\u00e1gico acidente ocorrido na tarde desta quarta-feira (21), na BA-263, entre Itamb\u00e9 a Itapetinga, deixou uma v\u00edtima fatal. Tr\u00eas carros colidiram e dois deles pegaram fogo. Uma mulher morreu na hora. O terceiro ve\u00edculo envolvido na colis\u00e3o ficou destru\u00eddo. A identidade da v\u00edtima n\u00e3o foi divulgado. Ainda n\u00e3o h\u00e1 maiores detalhes sobre as circunst\u00e2ncias [&hellip;]<\/p>\n","protected":false},"author":2,"featured_media":110661,"comment_status":"closed","ping_status":"open","sticky":false,"template":"","format":"standard","meta":{"footnotes":"","_links_to":"","_links_to_target":""},"categories":[1],"tags":[],"class_list":["post-110659","post","type-post","status-publish","format-standard","has-post-thumbnail","hentry","category-geral"],"views":1535,"_links":{"self":[{"href":"https:\/\/www.sudoestehoje.com.br\/novoportal\/wp-json\/wp\/v2\/posts\/110659","targetHints":{"allow":["GET"]}}],"collection":[{"href":"https:\/\/www.sudoestehoje.com.br\/novoportal\/wp-json\/wp\/v2\/posts"}],"about":[{"href":"https:\/\/www.sudoestehoje.com.br\/novoportal\/wp-json\/wp\/v2\/types\/post"}],"author":[{"embeddable":true,"href":"https:\/\/www.sudoestehoje.com.br\/novoportal\/wp-json\/wp\/v2\/users\/2"}],"replies":[{"embeddable":true,"href":"https:\/\/www.sudoestehoje.com.br\/novoportal\/wp-json\/wp\/v2\/comments?post=110659"}],"version-history":[{"count":5,"href":"https:\/\/www.sudoestehoje.com.br\/novoportal\/wp-json\/wp\/v2\/posts\/110659\/revisions"}],"predecessor-version":[{"id":110665,"href":"https:\/\/www.sudoestehoje.com.br\/novoportal\/wp-json\/wp\/v2\/posts\/110659\/revisions\/110665"}],"wp:featuredmedia":[{"embeddable":true,"href":"https:\/\/www.sudoestehoje.com.br\/novoportal\/wp-json\/wp\/v2\/media\/110661"}],"wp:attachment":[{"href":"https:\/\/www.sudoestehoje.com.br\/novoportal\/wp-json\/wp\/v2\/media?parent=110659"}],"wp:term":[{"taxonomy":"category","embeddable":true,"href":"https:\/\/www.sudoestehoje.com.br\/novoportal\/wp-json\/wp\/v2\/categories?post=110659"},{"taxonomy":"post_tag","embeddable":true,"href":"https:\/\/www.sudoestehoje.com.br\/novoportal\/wp-json\/wp\/v2\/tags?post=110659"}],"curies":[{"name":"wp","href":"https:\/\/api.w.org\/{rel}","templated":true}]}}