
{"id":110637,"date":"2023-06-21T09:42:39","date_gmt":"2023-06-21T12:42:39","guid":{"rendered":"https:\/\/www.sudoestehoje.com.br\/novoportal\/?p=110637"},"modified":"2023-06-21T09:42:39","modified_gmt":"2023-06-21T12:42:39","slug":"bahia-e-o-estado-com-maior-numero-de-mortes-violentas-no-1o-semestre-de-2023","status":"publish","type":"post","link":"https:\/\/www.sudoestehoje.com.br\/novoportal\/2023\/06\/21\/bahia-e-o-estado-com-maior-numero-de-mortes-violentas-no-1o-semestre-de-2023\/","title":{"rendered":"BAHIA \u00c9 O ESTADO COM MAIOR N\u00daMERO DE MORTES VIOLENTAS NO 1\u00ba SEMESTRE DE 2023"},"content":{"rendered":"<p><a href=\"https:\/\/www.sudoestehoje.com.br\/novoportal\/wp-content\/uploads\/2023\/06\/homicidios.jpg\"><img loading=\"lazy\" decoding=\"async\" class=\"aligncenter size-full wp-image-110640\" src=\"https:\/\/www.sudoestehoje.com.br\/novoportal\/wp-content\/uploads\/2023\/06\/homicidios.jpg\" alt=\"\" width=\"500\" height=\"300\" \/><\/a><\/p>\n<p><strong>A Bahia \u00e9 o estado que registrou o maior n\u00famero de mortes violentas no primeiro trimestre de 2023. Entre janeiro e mar\u00e7o deste ano,\u00a01.289\u00a0pessoas morreram em casos de feminic\u00eddios, homic\u00eddios dolosos, latroc\u00ednios ou les\u00f5es corporais seguidas de morte.<\/strong><\/p>\n<div id=\"chunk-cjl2v\">\n<div class=\"mc-column content-text active-extra-styles \" data-block-type=\"unstyled\" data-block-weight=\"34\" data-block-id=\"5\">\n<p class=\"content-text__container \" data-track-category=\"Link no Texto\" data-track-links=\"\"><strong>Os dados fazem parte do Monitor da Viol\u00eancia, \u00edndice nacional de homic\u00eddios criado pelo\u00a0<a class=\"\" href=\"https:\/\/g1.globo.com\/ba\/bahia\/\">g1<\/a>, com base em informa\u00e7\u00f5es oficiais dos 26 estados e o Distrito Federal. O levantamento foi divulgado nesta ter\u00e7a-feira (20).<\/strong><\/p>\n<\/div>\n<\/div>\n<div id=\"chunk-5haav\">\n<div class=\"mc-column content-text active-extra-styles \" data-block-type=\"unstyled\" data-block-weight=\"29\" data-block-id=\"6\">\n<p class=\"content-text__container \" data-track-category=\"Link no Texto\" data-track-links=\"\"><strong>Apesar do n\u00famero alto, a quantidade de mortes violentas do primeiro trimestre diminuiu quase 3% em rela\u00e7\u00e3o ao mesmo per\u00edodo de tempo em 2022, quando foram registradas 1.328.<\/strong><span style=\"color: #0000ff;\"><strong> <a style=\"color: #0000ff;\" href=\"https:\/\/g1.globo.com\/ba\/bahia\/noticia\/2023\/06\/21\/monitor-da-violencia-bahia-e-o-estado-com-maior-numero-de-mortes-violentas-no-primeiro-trimestre-de-2023.ghtml\">CONFIRA MAT\u00c9RIA COMPLETA NO G1<\/a><\/strong><\/span><\/p>\n<\/div>\n<\/div>\n","protected":false},"excerpt":{"rendered":"<p>A Bahia \u00e9 o estado que registrou o maior n\u00famero de mortes violentas no primeiro trimestre de 2023. Entre janeiro e mar\u00e7o deste ano,\u00a01.289\u00a0pessoas morreram em casos de feminic\u00eddios, homic\u00eddios dolosos, latroc\u00ednios ou les\u00f5es corporais seguidas de morte. Os dados fazem parte do Monitor da Viol\u00eancia, \u00edndice nacional de homic\u00eddios criado pelo\u00a0g1, com base em [&hellip;]<\/p>\n","protected":false},"author":2,"featured_media":110640,"comment_status":"closed","ping_status":"open","sticky":false,"template":"","format":"standard","meta":{"footnotes":"","_links_to":"","_links_to_target":""},"categories":[1],"tags":[],"class_list":["post-110637","post","type-post","status-publish","format-standard","has-post-thumbnail","hentry","category-geral"],"views":746,"_links":{"self":[{"href":"https:\/\/www.sudoestehoje.com.br\/novoportal\/wp-json\/wp\/v2\/posts\/110637","targetHints":{"allow":["GET"]}}],"collection":[{"href":"https:\/\/www.sudoestehoje.com.br\/novoportal\/wp-json\/wp\/v2\/posts"}],"about":[{"href":"https:\/\/www.sudoestehoje.com.br\/novoportal\/wp-json\/wp\/v2\/types\/post"}],"author":[{"embeddable":true,"href":"https:\/\/www.sudoestehoje.com.br\/novoportal\/wp-json\/wp\/v2\/users\/2"}],"replies":[{"embeddable":true,"href":"https:\/\/www.sudoestehoje.com.br\/novoportal\/wp-json\/wp\/v2\/comments?post=110637"}],"version-history":[{"count":3,"href":"https:\/\/www.sudoestehoje.com.br\/novoportal\/wp-json\/wp\/v2\/posts\/110637\/revisions"}],"predecessor-version":[{"id":110641,"href":"https:\/\/www.sudoestehoje.com.br\/novoportal\/wp-json\/wp\/v2\/posts\/110637\/revisions\/110641"}],"wp:featuredmedia":[{"embeddable":true,"href":"https:\/\/www.sudoestehoje.com.br\/novoportal\/wp-json\/wp\/v2\/media\/110640"}],"wp:attachment":[{"href":"https:\/\/www.sudoestehoje.com.br\/novoportal\/wp-json\/wp\/v2\/media?parent=110637"}],"wp:term":[{"taxonomy":"category","embeddable":true,"href":"https:\/\/www.sudoestehoje.com.br\/novoportal\/wp-json\/wp\/v2\/categories?post=110637"},{"taxonomy":"post_tag","embeddable":true,"href":"https:\/\/www.sudoestehoje.com.br\/novoportal\/wp-json\/wp\/v2\/tags?post=110637"}],"curies":[{"name":"wp","href":"https:\/\/api.w.org\/{rel}","templated":true}]}}