
{"id":110634,"date":"2023-06-20T20:50:19","date_gmt":"2023-06-20T23:50:19","guid":{"rendered":"https:\/\/www.sudoestehoje.com.br\/novoportal\/?p=110634"},"modified":"2023-06-20T20:50:19","modified_gmt":"2023-06-20T23:50:19","slug":"caixa-cancela-cobranca-de-taxa-do-pix-apos-repercussao-negativa-contra-governo","status":"publish","type":"post","link":"https:\/\/www.sudoestehoje.com.br\/novoportal\/2023\/06\/20\/caixa-cancela-cobranca-de-taxa-do-pix-apos-repercussao-negativa-contra-governo\/","title":{"rendered":"CAIXA CANCELA COBRAN\u00c7A DE TAXA DO PIX AP\u00d3S REPERCUSS\u00c3O NEGATIVA CONTRA GOVERNO"},"content":{"rendered":"<p><a href=\"https:\/\/www.sudoestehoje.com.br\/novoportal\/wp-content\/uploads\/2023\/06\/PIX-CAIXA-Marcello-Casal-Jr-ABr-700x467-1.webp\"><img loading=\"lazy\" decoding=\"async\" class=\"aligncenter  wp-image-110635\" src=\"https:\/\/www.sudoestehoje.com.br\/novoportal\/wp-content\/uploads\/2023\/06\/PIX-CAIXA-Marcello-Casal-Jr-ABr-700x467-1-600x400.webp\" alt=\"\" width=\"549\" height=\"366\" srcset=\"https:\/\/www.sudoestehoje.com.br\/novoportal\/wp-content\/uploads\/2023\/06\/PIX-CAIXA-Marcello-Casal-Jr-ABr-700x467-1-600x400.webp 600w, https:\/\/www.sudoestehoje.com.br\/novoportal\/wp-content\/uploads\/2023\/06\/PIX-CAIXA-Marcello-Casal-Jr-ABr-700x467-1.webp 700w\" sizes=\"auto, (max-width: 549px) 100vw, 549px\" \/><\/a><\/p>\n<p><strong>A Caixa Econ\u00f4mica Federal recuou e decidiu suspender a cobran\u00e7a de tarifa sobre transfer\u00eancias via Pix de pessoas jur\u00eddicas menos de 24 horas ap\u00f3s o an\u00fancio oficial.<\/strong><\/p>\n<p><strong>Segundo O Globo, o cancelamento \u00e9 uma determina\u00e7\u00e3o do Pal\u00e1cio do Planalto, que, preocupado com a repercuss\u00e3o negativa da medida nas redes sociais, orientou a suspens\u00e3o da cobran\u00e7a at\u00e9 uma decis\u00e3o final de Lula.<\/strong><\/p>\n<p><strong>Na segunda-feira (19), o banco informou que faria a cobran\u00e7a sobre transfer\u00eancias via Pix de empresas privadas a partir de 19 de julho.<\/strong><\/p>\n","protected":false},"excerpt":{"rendered":"<p>A Caixa Econ\u00f4mica Federal recuou e decidiu suspender a cobran\u00e7a de tarifa sobre transfer\u00eancias via Pix de pessoas jur\u00eddicas menos de 24 horas ap\u00f3s o an\u00fancio oficial. Segundo O Globo, o cancelamento \u00e9 uma determina\u00e7\u00e3o do Pal\u00e1cio do Planalto, que, preocupado com a repercuss\u00e3o negativa da medida nas redes sociais, orientou a suspens\u00e3o da cobran\u00e7a [&hellip;]<\/p>\n","protected":false},"author":2,"featured_media":110635,"comment_status":"closed","ping_status":"open","sticky":false,"template":"","format":"standard","meta":{"footnotes":"","_links_to":"","_links_to_target":""},"categories":[1],"tags":[],"class_list":["post-110634","post","type-post","status-publish","format-standard","has-post-thumbnail","hentry","category-geral"],"views":741,"_links":{"self":[{"href":"https:\/\/www.sudoestehoje.com.br\/novoportal\/wp-json\/wp\/v2\/posts\/110634","targetHints":{"allow":["GET"]}}],"collection":[{"href":"https:\/\/www.sudoestehoje.com.br\/novoportal\/wp-json\/wp\/v2\/posts"}],"about":[{"href":"https:\/\/www.sudoestehoje.com.br\/novoportal\/wp-json\/wp\/v2\/types\/post"}],"author":[{"embeddable":true,"href":"https:\/\/www.sudoestehoje.com.br\/novoportal\/wp-json\/wp\/v2\/users\/2"}],"replies":[{"embeddable":true,"href":"https:\/\/www.sudoestehoje.com.br\/novoportal\/wp-json\/wp\/v2\/comments?post=110634"}],"version-history":[{"count":1,"href":"https:\/\/www.sudoestehoje.com.br\/novoportal\/wp-json\/wp\/v2\/posts\/110634\/revisions"}],"predecessor-version":[{"id":110636,"href":"https:\/\/www.sudoestehoje.com.br\/novoportal\/wp-json\/wp\/v2\/posts\/110634\/revisions\/110636"}],"wp:featuredmedia":[{"embeddable":true,"href":"https:\/\/www.sudoestehoje.com.br\/novoportal\/wp-json\/wp\/v2\/media\/110635"}],"wp:attachment":[{"href":"https:\/\/www.sudoestehoje.com.br\/novoportal\/wp-json\/wp\/v2\/media?parent=110634"}],"wp:term":[{"taxonomy":"category","embeddable":true,"href":"https:\/\/www.sudoestehoje.com.br\/novoportal\/wp-json\/wp\/v2\/categories?post=110634"},{"taxonomy":"post_tag","embeddable":true,"href":"https:\/\/www.sudoestehoje.com.br\/novoportal\/wp-json\/wp\/v2\/tags?post=110634"}],"curies":[{"name":"wp","href":"https:\/\/api.w.org\/{rel}","templated":true}]}}