
{"id":110628,"date":"2023-06-20T20:22:39","date_gmt":"2023-06-20T23:22:39","guid":{"rendered":"https:\/\/www.sudoestehoje.com.br\/novoportal\/?p=110628"},"modified":"2023-06-20T20:23:19","modified_gmt":"2023-06-20T23:23:19","slug":"atracao-em-itapetinga-cantor-tierry-escapa-ileso-de-acidente-na-regiao-sudoeste","status":"publish","type":"post","link":"https:\/\/www.sudoestehoje.com.br\/novoportal\/2023\/06\/20\/atracao-em-itapetinga-cantor-tierry-escapa-ileso-de-acidente-na-regiao-sudoeste\/","title":{"rendered":"ATRA\u00c7\u00c3O EM ITAPETINGA, CANTOR TIERRY ESCAPA ILESO DE ACIDENTE NA REGI\u00c3O SUDOESTE"},"content":{"rendered":"<p><a href=\"https:\/\/www.sudoestehoje.com.br\/novoportal\/wp-content\/uploads\/2023\/06\/naom_6488bbafc3570.jpg\"><img loading=\"lazy\" decoding=\"async\" class=\"aligncenter wp-image-110629\" src=\"https:\/\/www.sudoestehoje.com.br\/novoportal\/wp-content\/uploads\/2023\/06\/naom_6488bbafc3570-600x338.jpg\" alt=\"\" width=\"551\" height=\"311\" srcset=\"https:\/\/www.sudoestehoje.com.br\/novoportal\/wp-content\/uploads\/2023\/06\/naom_6488bbafc3570-600x338.jpg 600w, https:\/\/www.sudoestehoje.com.br\/novoportal\/wp-content\/uploads\/2023\/06\/naom_6488bbafc3570-700x394.jpg 700w, https:\/\/www.sudoestehoje.com.br\/novoportal\/wp-content\/uploads\/2023\/06\/naom_6488bbafc3570-768x432.jpg 768w, https:\/\/www.sudoestehoje.com.br\/novoportal\/wp-content\/uploads\/2023\/06\/naom_6488bbafc3570-1536x864.jpg 1536w, https:\/\/www.sudoestehoje.com.br\/novoportal\/wp-content\/uploads\/2023\/06\/naom_6488bbafc3570.jpg 1920w\" sizes=\"auto, (max-width: 551px) 100vw, 551px\" \/><\/a><\/p>\n<p><strong>O cantor Tierry sofreu, neste \u00faltimo s\u00e1bado (17), um acidente na cidade baiana de Caetanos.\u00a0O\u00a0pr\u00f3prio artista conduzia o ve\u00edculo quando perdeu o controle da dire\u00e7\u00e3o. Mesmo com o ocorrido, o seu show marcado naquela cidade foi realizado.<\/strong><\/p>\n<p><strong>No incidente, o carro ainda chegou a capotar na pr\u00f3pria pista, segundo informa\u00e7\u00f5es do site Metr\u00f3poles. Estavam tamb\u00e9m no autom\u00f3vel os seguran\u00e7as e os produtores, mas, segundo informa\u00e7\u00f5es da assessoria de Tierry, ningu\u00e9m se feriu no ocorrido.<\/strong><\/p>\n<p><strong>Acidente com a banda<\/strong><\/p>\n<p><strong>Esse n\u00e3o foi o \u00fanico momento de tens\u00e3o vivido pela banda. Na \u00faltima segunda-feira (12), a equipe do cantor de arrocha precisou fazer um pouso de emerg\u00eancia ap\u00f3s a fuselagem do avi\u00e3o que os transportava abrir enquanto a aeronave estava no ar.<\/strong><\/p>\n<p><strong>Atra\u00e7\u00e3o em Itapetinga<\/strong><\/p>\n<p><strong>Tierry \u00e9 atra\u00e7\u00e3o confirmada no S\u00e3o Jo\u00e3o de Itapetinga e deve apresentar no evento no dia 23 (sexta) no Arrai\u00e1 do Parque da Lagoa.<\/strong><\/p>\n","protected":false},"excerpt":{"rendered":"<p>O cantor Tierry sofreu, neste \u00faltimo s\u00e1bado (17), um acidente na cidade baiana de Caetanos.\u00a0O\u00a0pr\u00f3prio artista conduzia o ve\u00edculo quando perdeu o controle da dire\u00e7\u00e3o. Mesmo com o ocorrido, o seu show marcado naquela cidade foi realizado. No incidente, o carro ainda chegou a capotar na pr\u00f3pria pista, segundo informa\u00e7\u00f5es do site Metr\u00f3poles. Estavam tamb\u00e9m [&hellip;]<\/p>\n","protected":false},"author":2,"featured_media":110629,"comment_status":"closed","ping_status":"open","sticky":false,"template":"","format":"standard","meta":{"footnotes":"","_links_to":"","_links_to_target":""},"categories":[1],"tags":[],"class_list":["post-110628","post","type-post","status-publish","format-standard","has-post-thumbnail","hentry","category-geral"],"views":1188,"_links":{"self":[{"href":"https:\/\/www.sudoestehoje.com.br\/novoportal\/wp-json\/wp\/v2\/posts\/110628","targetHints":{"allow":["GET"]}}],"collection":[{"href":"https:\/\/www.sudoestehoje.com.br\/novoportal\/wp-json\/wp\/v2\/posts"}],"about":[{"href":"https:\/\/www.sudoestehoje.com.br\/novoportal\/wp-json\/wp\/v2\/types\/post"}],"author":[{"embeddable":true,"href":"https:\/\/www.sudoestehoje.com.br\/novoportal\/wp-json\/wp\/v2\/users\/2"}],"replies":[{"embeddable":true,"href":"https:\/\/www.sudoestehoje.com.br\/novoportal\/wp-json\/wp\/v2\/comments?post=110628"}],"version-history":[{"count":4,"href":"https:\/\/www.sudoestehoje.com.br\/novoportal\/wp-json\/wp\/v2\/posts\/110628\/revisions"}],"predecessor-version":[{"id":110633,"href":"https:\/\/www.sudoestehoje.com.br\/novoportal\/wp-json\/wp\/v2\/posts\/110628\/revisions\/110633"}],"wp:featuredmedia":[{"embeddable":true,"href":"https:\/\/www.sudoestehoje.com.br\/novoportal\/wp-json\/wp\/v2\/media\/110629"}],"wp:attachment":[{"href":"https:\/\/www.sudoestehoje.com.br\/novoportal\/wp-json\/wp\/v2\/media?parent=110628"}],"wp:term":[{"taxonomy":"category","embeddable":true,"href":"https:\/\/www.sudoestehoje.com.br\/novoportal\/wp-json\/wp\/v2\/categories?post=110628"},{"taxonomy":"post_tag","embeddable":true,"href":"https:\/\/www.sudoestehoje.com.br\/novoportal\/wp-json\/wp\/v2\/tags?post=110628"}],"curies":[{"name":"wp","href":"https:\/\/api.w.org\/{rel}","templated":true}]}}