
{"id":110615,"date":"2023-06-20T10:04:50","date_gmt":"2023-06-20T13:04:50","guid":{"rendered":"https:\/\/www.sudoestehoje.com.br\/novoportal\/?p=110615"},"modified":"2023-06-20T10:34:02","modified_gmt":"2023-06-20T13:34:02","slug":"itabuna-vereador-e-afastado-pela-justica-por-suspeita-de-rachadinha","status":"publish","type":"post","link":"https:\/\/www.sudoestehoje.com.br\/novoportal\/2023\/06\/20\/itabuna-vereador-e-afastado-pela-justica-por-suspeita-de-rachadinha\/","title":{"rendered":"ITABUNA | VEREADOR DO PDT \u00c9 AFASTADO PELA JUSTI\u00c7A POR SUSPEITA DE &#8216;RACHADINHA&#8217;"},"content":{"rendered":"<p><a href=\"https:\/\/www.sudoestehoje.com.br\/novoportal\/wp-content\/uploads\/2023\/06\/image.webp\"><img loading=\"lazy\" decoding=\"async\" class=\"aligncenter wp-image-110616\" src=\"https:\/\/www.sudoestehoje.com.br\/novoportal\/wp-content\/uploads\/2023\/06\/image.webp\" alt=\"\" width=\"550\" height=\"350\" \/><\/a><\/p>\n<p><strong>Uma opera\u00e7\u00e3o contra esquema criminoso de \u201crachadinha\u201d na C\u00e2mara de Vereadores de Itabuna foi deflagrada nesta ter\u00e7a-feira, dia 20, pelo Minist\u00e9rio P\u00fablico Estadual da Bahia, por meio do Grupo de Atua\u00e7\u00e3o Especial de Combate \u00e0s Organiza\u00e7\u00f5es Criminosas (Gaeco) e da 3\u00aa Promotoria de Justi\u00e7a local, com apoio das equipes do Gaeco Sul e da Pol\u00edcia Rodovi\u00e1ria Federal (PRF).<\/strong><\/p>\n<p><strong>Denominada de \u2018Partilha\u2019, a opera\u00e7\u00e3o cumpriu mandado de busca e apreens\u00e3o no endere\u00e7o residencial do vereador Dando Leone, que foi afastado das fun\u00e7\u00f5es pela Justi\u00e7a por prazo inicial de 180 dias a pedido do MP. O mandado de busca e de afastamento foram expedidos pela 1\u00aa Vara Criminal de Itabuna. O vereador tamb\u00e9m est\u00e1 proibido de comparecer \u00e0s instala\u00e7\u00f5es da C\u00e2mara e de manter contato com qualquer das testemunhas durante as investiga\u00e7\u00f5es e tr\u00e2mite da a\u00e7\u00e3o penal.<\/strong><\/p>\n<p><strong>Conforme as investiga\u00e7\u00f5es, desde o in\u00edcio do mandato parlamentar, a partir de janeiro de 2021, o vereador, valendo-se do cargo ocupado, nomeou servidores comissionados na Casa Legislativa Municipal e indicou servidor para ocupar cargo tempor\u00e1rio na Prefeitura do Munic\u00edpio de Itabuna, exigindo-lhes repasse de parte das remunera\u00e7\u00f5es recebidas. At\u00e9 o momento, foi apurado que a pr\u00e1tica delitiva era reiterada e com a participa\u00e7\u00e3o de outros agentes. Em princ\u00edpio, as investiga\u00e7\u00f5es apontam para a pr\u00e1tica do crime de concuss\u00e3o.<\/strong><\/p>\n","protected":false},"excerpt":{"rendered":"<p>Uma opera\u00e7\u00e3o contra esquema criminoso de \u201crachadinha\u201d na C\u00e2mara de Vereadores de Itabuna foi deflagrada nesta ter\u00e7a-feira, dia 20, pelo Minist\u00e9rio P\u00fablico Estadual da Bahia, por meio do Grupo de Atua\u00e7\u00e3o Especial de Combate \u00e0s Organiza\u00e7\u00f5es Criminosas (Gaeco) e da 3\u00aa Promotoria de Justi\u00e7a local, com apoio das equipes do Gaeco Sul e da Pol\u00edcia [&hellip;]<\/p>\n","protected":false},"author":2,"featured_media":110616,"comment_status":"closed","ping_status":"open","sticky":false,"template":"","format":"standard","meta":{"footnotes":"","_links_to":"","_links_to_target":""},"categories":[1],"tags":[],"class_list":["post-110615","post","type-post","status-publish","format-standard","has-post-thumbnail","hentry","category-geral"],"views":933,"_links":{"self":[{"href":"https:\/\/www.sudoestehoje.com.br\/novoportal\/wp-json\/wp\/v2\/posts\/110615","targetHints":{"allow":["GET"]}}],"collection":[{"href":"https:\/\/www.sudoestehoje.com.br\/novoportal\/wp-json\/wp\/v2\/posts"}],"about":[{"href":"https:\/\/www.sudoestehoje.com.br\/novoportal\/wp-json\/wp\/v2\/types\/post"}],"author":[{"embeddable":true,"href":"https:\/\/www.sudoestehoje.com.br\/novoportal\/wp-json\/wp\/v2\/users\/2"}],"replies":[{"embeddable":true,"href":"https:\/\/www.sudoestehoje.com.br\/novoportal\/wp-json\/wp\/v2\/comments?post=110615"}],"version-history":[{"count":6,"href":"https:\/\/www.sudoestehoje.com.br\/novoportal\/wp-json\/wp\/v2\/posts\/110615\/revisions"}],"predecessor-version":[{"id":110621,"href":"https:\/\/www.sudoestehoje.com.br\/novoportal\/wp-json\/wp\/v2\/posts\/110615\/revisions\/110621"}],"wp:featuredmedia":[{"embeddable":true,"href":"https:\/\/www.sudoestehoje.com.br\/novoportal\/wp-json\/wp\/v2\/media\/110616"}],"wp:attachment":[{"href":"https:\/\/www.sudoestehoje.com.br\/novoportal\/wp-json\/wp\/v2\/media?parent=110615"}],"wp:term":[{"taxonomy":"category","embeddable":true,"href":"https:\/\/www.sudoestehoje.com.br\/novoportal\/wp-json\/wp\/v2\/categories?post=110615"},{"taxonomy":"post_tag","embeddable":true,"href":"https:\/\/www.sudoestehoje.com.br\/novoportal\/wp-json\/wp\/v2\/tags?post=110615"}],"curies":[{"name":"wp","href":"https:\/\/api.w.org\/{rel}","templated":true}]}}