
{"id":110611,"date":"2023-06-20T09:04:24","date_gmt":"2023-06-20T12:04:24","guid":{"rendered":"https:\/\/www.sudoestehoje.com.br\/novoportal\/?p=110611"},"modified":"2023-06-20T09:04:24","modified_gmt":"2023-06-20T12:04:24","slug":"itapetinga-tem-previsao-de-tempo-bom-durante-festejos-de-sao-joao","status":"publish","type":"post","link":"https:\/\/www.sudoestehoje.com.br\/novoportal\/2023\/06\/20\/itapetinga-tem-previsao-de-tempo-bom-durante-festejos-de-sao-joao\/","title":{"rendered":"ITAPETINGA TEM PREVIS\u00c3O DE TEMPO BOM DURANTE FESTEJOS DE S\u00c3O JO\u00c3O"},"content":{"rendered":"<p><a href=\"https:\/\/www.sudoestehoje.com.br\/novoportal\/wp-content\/uploads\/2023\/06\/72d118f0-f6a9-4338-a912-dc48da2da5af.jpg\"><img loading=\"lazy\" decoding=\"async\" class=\"aligncenter  wp-image-110613\" src=\"https:\/\/www.sudoestehoje.com.br\/novoportal\/wp-content\/uploads\/2023\/06\/72d118f0-f6a9-4338-a912-dc48da2da5af-600x338.jpg\" alt=\"\" width=\"549\" height=\"309\" srcset=\"https:\/\/www.sudoestehoje.com.br\/novoportal\/wp-content\/uploads\/2023\/06\/72d118f0-f6a9-4338-a912-dc48da2da5af-600x338.jpg 600w, https:\/\/www.sudoestehoje.com.br\/novoportal\/wp-content\/uploads\/2023\/06\/72d118f0-f6a9-4338-a912-dc48da2da5af-700x394.jpg 700w, https:\/\/www.sudoestehoje.com.br\/novoportal\/wp-content\/uploads\/2023\/06\/72d118f0-f6a9-4338-a912-dc48da2da5af-768x432.jpg 768w, https:\/\/www.sudoestehoje.com.br\/novoportal\/wp-content\/uploads\/2023\/06\/72d118f0-f6a9-4338-a912-dc48da2da5af-1536x864.jpg 1536w, https:\/\/www.sudoestehoje.com.br\/novoportal\/wp-content\/uploads\/2023\/06\/72d118f0-f6a9-4338-a912-dc48da2da5af.jpg 1600w\" sizes=\"auto, (max-width: 549px) 100vw, 549px\" \/><\/a><\/p>\n<p><strong>Mesmo com a chegada do inverno nesta quarta-feira (21), todas as previs\u00f5es meteorol\u00f3gicas d\u00e3o conta de que o tempo permanecer\u00e1 firme em Itapetinga e toda a regi\u00e3o, durante os festejos juninos.<\/strong><\/p>\n<p><strong>Na Capital da Pecu\u00e1ria, as temperaturas devem cair, mas o tempo continua firme, com chuvas finas e r\u00e1pidas no decorrer do per\u00edodo.<\/strong><\/p>\n<p><strong> Nada que atrapalhe as comemora\u00e7\u00f5es festivas, segundo o Instituto Climatempo.<\/strong><\/p>\n<p><strong>Reda\u00e7\u00e3o<\/strong><\/p>\n","protected":false},"excerpt":{"rendered":"<p>Mesmo com a chegada do inverno nesta quarta-feira (21), todas as previs\u00f5es meteorol\u00f3gicas d\u00e3o conta de que o tempo permanecer\u00e1 firme em Itapetinga e toda a regi\u00e3o, durante os festejos juninos. Na Capital da Pecu\u00e1ria, as temperaturas devem cair, mas o tempo continua firme, com chuvas finas e r\u00e1pidas no decorrer do per\u00edodo. Nada que [&hellip;]<\/p>\n","protected":false},"author":2,"featured_media":110613,"comment_status":"closed","ping_status":"open","sticky":false,"template":"","format":"standard","meta":{"footnotes":"","_links_to":"","_links_to_target":""},"categories":[1],"tags":[],"class_list":["post-110611","post","type-post","status-publish","format-standard","has-post-thumbnail","hentry","category-geral"],"views":839,"_links":{"self":[{"href":"https:\/\/www.sudoestehoje.com.br\/novoportal\/wp-json\/wp\/v2\/posts\/110611","targetHints":{"allow":["GET"]}}],"collection":[{"href":"https:\/\/www.sudoestehoje.com.br\/novoportal\/wp-json\/wp\/v2\/posts"}],"about":[{"href":"https:\/\/www.sudoestehoje.com.br\/novoportal\/wp-json\/wp\/v2\/types\/post"}],"author":[{"embeddable":true,"href":"https:\/\/www.sudoestehoje.com.br\/novoportal\/wp-json\/wp\/v2\/users\/2"}],"replies":[{"embeddable":true,"href":"https:\/\/www.sudoestehoje.com.br\/novoportal\/wp-json\/wp\/v2\/comments?post=110611"}],"version-history":[{"count":2,"href":"https:\/\/www.sudoestehoje.com.br\/novoportal\/wp-json\/wp\/v2\/posts\/110611\/revisions"}],"predecessor-version":[{"id":110614,"href":"https:\/\/www.sudoestehoje.com.br\/novoportal\/wp-json\/wp\/v2\/posts\/110611\/revisions\/110614"}],"wp:featuredmedia":[{"embeddable":true,"href":"https:\/\/www.sudoestehoje.com.br\/novoportal\/wp-json\/wp\/v2\/media\/110613"}],"wp:attachment":[{"href":"https:\/\/www.sudoestehoje.com.br\/novoportal\/wp-json\/wp\/v2\/media?parent=110611"}],"wp:term":[{"taxonomy":"category","embeddable":true,"href":"https:\/\/www.sudoestehoje.com.br\/novoportal\/wp-json\/wp\/v2\/categories?post=110611"},{"taxonomy":"post_tag","embeddable":true,"href":"https:\/\/www.sudoestehoje.com.br\/novoportal\/wp-json\/wp\/v2\/tags?post=110611"}],"curies":[{"name":"wp","href":"https:\/\/api.w.org\/{rel}","templated":true}]}}