
{"id":110600,"date":"2023-06-18T21:37:16","date_gmt":"2023-06-19T00:37:16","guid":{"rendered":"https:\/\/www.sudoestehoje.com.br\/novoportal\/?p=110600"},"modified":"2023-06-18T21:37:16","modified_gmt":"2023-06-19T00:37:16","slug":"politica-fritura-de-rui-costa-ganha-forca-no-governo-e-no-congresso-diz-coluna","status":"publish","type":"post","link":"https:\/\/www.sudoestehoje.com.br\/novoportal\/2023\/06\/18\/politica-fritura-de-rui-costa-ganha-forca-no-governo-e-no-congresso-diz-coluna\/","title":{"rendered":"POL\u00cdTICA | FRITURA DE RUI COSTA GANHA FOR\u00c7A NO GOVERNO E NO CONGRESSO, DIZ COLUNA"},"content":{"rendered":"<p><a href=\"https:\/\/www.sudoestehoje.com.br\/novoportal\/wp-content\/uploads\/2023\/06\/rui_costa1.jpg\"><img loading=\"lazy\" decoding=\"async\" class=\"aligncenter  wp-image-110602\" src=\"https:\/\/www.sudoestehoje.com.br\/novoportal\/wp-content\/uploads\/2023\/06\/rui_costa1.jpg\" alt=\"\" width=\"549\" height=\"384\" \/><\/a><\/p>\n<p><strong>O ministro da Casa Civil, Rui Costa (PT), tem acumulado cada vez mais advers\u00e1rios. Conforme Guilherme Amado, em sua coluna no portal Metr\u00f3poles, apesar de ser considerado bra\u00e7o-direito do presidente Luiz In\u00e1cio Lula da Silva (PT), ele tem sido cada vez mais alvo de fritura por parte de parlamentares e at\u00e9 dentro do pr\u00f3prio governo, sob alega\u00e7\u00e3o de falta de articula\u00e7\u00e3o.<\/strong><\/p>\n<div>\n<div>\n<div class=\"trv-player-container\">\n<div class=\"trv-wrapper\">\n<div id=\"br_video_player_235a6\" class=\"trvd_video_player\">\n<div class=\"media-player\">\n<div class=\"trv-video\">\n<div id=\"truvid_ima_container73283\" class=\"truvid_ima_container\">\n<div><strong>Segundo a publica\u00e7\u00e3o, entretanto, a suposta falta de habilidade pol\u00edtica n\u00e3o \u00e9 o \u00fanico problema enfrentado por Rui, isto porque integrantes do governo encararam a bronca de Lula sobre a falta de coordena\u00e7\u00e3o dos ministros como um recado tamb\u00e9m para o baiano.<\/strong><\/div>\n<\/div>\n<\/div>\n<\/div>\n<\/div>\n<\/div>\n<\/div>\n<\/div>\n<\/div>\n<p><strong>Ainda de acordo com a coluna, apesar da torcida pela demiss\u00e3o, o presidente permanece \u201cconvicto\u201d de que Rui Costa \u201cvai engrenar\u201d e que \u00e9 o nome certo para a Casa Civil. Al\u00e9m disso, o prest\u00edgio do ministro junto a Lula \u00e9 tanto, que ele \u00e9 um dos poucos ministros com quem o mandat\u00e1rio conversa todos os dias e at\u00e9 mais de uma vez.<\/strong><\/p>\n","protected":false},"excerpt":{"rendered":"<p>O ministro da Casa Civil, Rui Costa (PT), tem acumulado cada vez mais advers\u00e1rios. Conforme Guilherme Amado, em sua coluna no portal Metr\u00f3poles, apesar de ser considerado bra\u00e7o-direito do presidente Luiz In\u00e1cio Lula da Silva (PT), ele tem sido cada vez mais alvo de fritura por parte de parlamentares e at\u00e9 dentro do pr\u00f3prio governo, [&hellip;]<\/p>\n","protected":false},"author":2,"featured_media":110602,"comment_status":"closed","ping_status":"open","sticky":false,"template":"","format":"standard","meta":{"footnotes":"","_links_to":"","_links_to_target":""},"categories":[1],"tags":[],"class_list":["post-110600","post","type-post","status-publish","format-standard","has-post-thumbnail","hentry","category-geral"],"views":776,"_links":{"self":[{"href":"https:\/\/www.sudoestehoje.com.br\/novoportal\/wp-json\/wp\/v2\/posts\/110600","targetHints":{"allow":["GET"]}}],"collection":[{"href":"https:\/\/www.sudoestehoje.com.br\/novoportal\/wp-json\/wp\/v2\/posts"}],"about":[{"href":"https:\/\/www.sudoestehoje.com.br\/novoportal\/wp-json\/wp\/v2\/types\/post"}],"author":[{"embeddable":true,"href":"https:\/\/www.sudoestehoje.com.br\/novoportal\/wp-json\/wp\/v2\/users\/2"}],"replies":[{"embeddable":true,"href":"https:\/\/www.sudoestehoje.com.br\/novoportal\/wp-json\/wp\/v2\/comments?post=110600"}],"version-history":[{"count":2,"href":"https:\/\/www.sudoestehoje.com.br\/novoportal\/wp-json\/wp\/v2\/posts\/110600\/revisions"}],"predecessor-version":[{"id":110603,"href":"https:\/\/www.sudoestehoje.com.br\/novoportal\/wp-json\/wp\/v2\/posts\/110600\/revisions\/110603"}],"wp:featuredmedia":[{"embeddable":true,"href":"https:\/\/www.sudoestehoje.com.br\/novoportal\/wp-json\/wp\/v2\/media\/110602"}],"wp:attachment":[{"href":"https:\/\/www.sudoestehoje.com.br\/novoportal\/wp-json\/wp\/v2\/media?parent=110600"}],"wp:term":[{"taxonomy":"category","embeddable":true,"href":"https:\/\/www.sudoestehoje.com.br\/novoportal\/wp-json\/wp\/v2\/categories?post=110600"},{"taxonomy":"post_tag","embeddable":true,"href":"https:\/\/www.sudoestehoje.com.br\/novoportal\/wp-json\/wp\/v2\/tags?post=110600"}],"curies":[{"name":"wp","href":"https:\/\/api.w.org\/{rel}","templated":true}]}}