
{"id":1106,"date":"2010-10-11T09:55:03","date_gmt":"2010-10-11T12:55:03","guid":{"rendered":"http:\/\/sudoestehoje.tempsite.ws\/novoportal\/?p=1106"},"modified":"2010-10-11T19:52:50","modified_gmt":"2010-10-11T22:52:50","slug":"boatos-sobre-lesbianismo-determinam-tom-agressivo-de-dilma-no-debate-da-band","status":"publish","type":"post","link":"https:\/\/www.sudoestehoje.com.br\/novoportal\/2010\/10\/11\/boatos-sobre-lesbianismo-determinam-tom-agressivo-de-dilma-no-debate-da-band\/","title":{"rendered":"Boatos sobre lesbianismo determinam tom agressivo de Dilma no debate da Band"},"content":{"rendered":"<p style=\"text-align: center;\"><img decoding=\"async\" src=\"http:\/\/2.bp.blogspot.com\/_VvgJqDzoFYA\/TJpn3igj7cI\/AAAAAAAAIqA\/5Z-s5I3f-cU\/s1600\/dilma_lesbica.jpg\" alt=\"\" \/><\/p>\n<p style=\"text-align: center;\"><strong>Boatos\u00a0d\u00e3o conta de um suposto caso entre Dilma e Ver\u00f4nica Maldonado<\/strong>\u00a0<\/p>\n<p>De acordo com o jornalista <strong>Josias de Souza, da Folha de S. Paulo<\/strong>, a presidenci\u00e1vel Dilma Rousseff (PT) adotou tom agressivo em debate realizado na Rede Band, na noite deste domingo (10), devido \u00e0 sua chatea\u00e7\u00e3o com mais um &#8216;falso boato&#8217; com o fim de atingir sua candidatura. At\u00e9 ent\u00e3o, duas\u00a0not\u00edcias supostamente falsas\u00a0atormentavam o comando da campanha da petista \u2013 a que teria dito que \u201cnem Jesus Cristo\u201d tiraria sua vit\u00f3ria, e outra informando que a candidata seria a favor do aborto. Antes do debate, o comit\u00ea de campanha foi informado acerca de um falso processo judicial que circula na internet. Na pe\u00e7a, um suposto advogado aciona Dilma em nome de uma hipot\u00e9tica ex-dom\u00e9stica da candidata. A empregada &#8216;fict\u00edcia&#8217; sustenta no processo ter mantido com Dilma um relacionamento amoroso de 15 anos e cobra indeniza\u00e7\u00e3o.\u00a0Dilma e seus assessores acreditam que o ataque partiu da campanha de Jos\u00e9 Serra (PSDB). Folha de S\u00e3o Paulo<\/p>\n","protected":false},"excerpt":{"rendered":"<p>Boatos\u00a0d\u00e3o conta de um suposto caso entre Dilma e Ver\u00f4nica Maldonado\u00a0 De acordo com o jornalista Josias de Souza, da Folha de S. Paulo, a presidenci\u00e1vel Dilma Rousseff (PT) adotou tom agressivo em debate realizado na Rede Band, na noite deste domingo (10), devido \u00e0 sua chatea\u00e7\u00e3o com mais um &#8216;falso boato&#8217; com o fim [&hellip;]<\/p>\n","protected":false},"author":2,"featured_media":0,"comment_status":"open","ping_status":"open","sticky":false,"template":"","format":"standard","meta":{"footnotes":"","_links_to":"","_links_to_target":""},"categories":[1],"tags":[],"class_list":["post-1106","post","type-post","status-publish","format-standard","hentry","category-geral"],"views":1878,"_links":{"self":[{"href":"https:\/\/www.sudoestehoje.com.br\/novoportal\/wp-json\/wp\/v2\/posts\/1106","targetHints":{"allow":["GET"]}}],"collection":[{"href":"https:\/\/www.sudoestehoje.com.br\/novoportal\/wp-json\/wp\/v2\/posts"}],"about":[{"href":"https:\/\/www.sudoestehoje.com.br\/novoportal\/wp-json\/wp\/v2\/types\/post"}],"author":[{"embeddable":true,"href":"https:\/\/www.sudoestehoje.com.br\/novoportal\/wp-json\/wp\/v2\/users\/2"}],"replies":[{"embeddable":true,"href":"https:\/\/www.sudoestehoje.com.br\/novoportal\/wp-json\/wp\/v2\/comments?post=1106"}],"version-history":[{"count":5,"href":"https:\/\/www.sudoestehoje.com.br\/novoportal\/wp-json\/wp\/v2\/posts\/1106\/revisions"}],"predecessor-version":[{"id":1109,"href":"https:\/\/www.sudoestehoje.com.br\/novoportal\/wp-json\/wp\/v2\/posts\/1106\/revisions\/1109"}],"wp:attachment":[{"href":"https:\/\/www.sudoestehoje.com.br\/novoportal\/wp-json\/wp\/v2\/media?parent=1106"}],"wp:term":[{"taxonomy":"category","embeddable":true,"href":"https:\/\/www.sudoestehoje.com.br\/novoportal\/wp-json\/wp\/v2\/categories?post=1106"},{"taxonomy":"post_tag","embeddable":true,"href":"https:\/\/www.sudoestehoje.com.br\/novoportal\/wp-json\/wp\/v2\/tags?post=1106"}],"curies":[{"name":"wp","href":"https:\/\/api.w.org\/{rel}","templated":true}]}}