
{"id":110595,"date":"2023-06-18T19:24:03","date_gmt":"2023-06-18T22:24:03","guid":{"rendered":"https:\/\/www.sudoestehoje.com.br\/novoportal\/?p=110595"},"modified":"2023-06-18T19:25:36","modified_gmt":"2023-06-18T22:25:36","slug":"politica-deputado-arthur-mais-recebe-convite-e-deve-assumir-ministerio-de-lula","status":"publish","type":"post","link":"https:\/\/www.sudoestehoje.com.br\/novoportal\/2023\/06\/18\/politica-deputado-arthur-mais-recebe-convite-e-deve-assumir-ministerio-de-lula\/","title":{"rendered":"POL\u00cdTICA | DEPUTADO ARTHUR MAIA RECEBE CONVITE E DEVE ASSUMIR MINIST\u00c9RIO DE LULA"},"content":{"rendered":"<p><a href=\"https:\/\/www.sudoestehoje.com.br\/novoportal\/wp-content\/uploads\/2023\/06\/img20220427120603442-768x513-1.jpg\"><img loading=\"lazy\" decoding=\"async\" class=\"aligncenter wp-image-110597\" src=\"https:\/\/www.sudoestehoje.com.br\/novoportal\/wp-content\/uploads\/2023\/06\/img20220427120603442-768x513-1-600x401.jpg\" alt=\"\" width=\"551\" height=\"368\" srcset=\"https:\/\/www.sudoestehoje.com.br\/novoportal\/wp-content\/uploads\/2023\/06\/img20220427120603442-768x513-1-600x401.jpg 600w, https:\/\/www.sudoestehoje.com.br\/novoportal\/wp-content\/uploads\/2023\/06\/img20220427120603442-768x513-1-700x468.jpg 700w, https:\/\/www.sudoestehoje.com.br\/novoportal\/wp-content\/uploads\/2023\/06\/img20220427120603442-768x513-1.jpg 768w\" sizes=\"auto, (max-width: 551px) 100vw, 551px\" \/><\/a><\/p>\n<p><strong>O deputado federal e presidente da Comiss\u00e3o Parlamentar Mista de Inqu\u00e9rito (CPMI) do 8 de Janeiro, Arthur Maia (Uni\u00e3o Brasil) recebeu convite para ser ministro no governo do presidente Luiz In\u00e1cio Lula da Silva (PT). <\/strong><\/p>\n<p><strong>O parlamentar baiano j\u00e1 foi sondado por membros da articula\u00e7\u00e3o pol\u00edtica da presid\u00eancia da rep\u00fablica, que expressaram o desejo do governo em t\u00ea-lo no primeiro escal\u00e3o. <\/strong><\/p>\n<p><strong>Maia demonstrou interesse no convite, mas quer deixar as conversas para ap\u00f3s o encerramento da CPMI do 8 de janeiro.\u00a0<\/strong><\/p>\n","protected":false},"excerpt":{"rendered":"<p>O deputado federal e presidente da Comiss\u00e3o Parlamentar Mista de Inqu\u00e9rito (CPMI) do 8 de Janeiro, Arthur Maia (Uni\u00e3o Brasil) recebeu convite para ser ministro no governo do presidente Luiz In\u00e1cio Lula da Silva (PT). O parlamentar baiano j\u00e1 foi sondado por membros da articula\u00e7\u00e3o pol\u00edtica da presid\u00eancia da rep\u00fablica, que expressaram o desejo do [&hellip;]<\/p>\n","protected":false},"author":2,"featured_media":110597,"comment_status":"closed","ping_status":"open","sticky":false,"template":"","format":"standard","meta":{"footnotes":"","_links_to":"","_links_to_target":""},"categories":[1],"tags":[],"class_list":["post-110595","post","type-post","status-publish","format-standard","has-post-thumbnail","hentry","category-geral"],"views":1355,"_links":{"self":[{"href":"https:\/\/www.sudoestehoje.com.br\/novoportal\/wp-json\/wp\/v2\/posts\/110595","targetHints":{"allow":["GET"]}}],"collection":[{"href":"https:\/\/www.sudoestehoje.com.br\/novoportal\/wp-json\/wp\/v2\/posts"}],"about":[{"href":"https:\/\/www.sudoestehoje.com.br\/novoportal\/wp-json\/wp\/v2\/types\/post"}],"author":[{"embeddable":true,"href":"https:\/\/www.sudoestehoje.com.br\/novoportal\/wp-json\/wp\/v2\/users\/2"}],"replies":[{"embeddable":true,"href":"https:\/\/www.sudoestehoje.com.br\/novoportal\/wp-json\/wp\/v2\/comments?post=110595"}],"version-history":[{"count":3,"href":"https:\/\/www.sudoestehoje.com.br\/novoportal\/wp-json\/wp\/v2\/posts\/110595\/revisions"}],"predecessor-version":[{"id":110599,"href":"https:\/\/www.sudoestehoje.com.br\/novoportal\/wp-json\/wp\/v2\/posts\/110595\/revisions\/110599"}],"wp:featuredmedia":[{"embeddable":true,"href":"https:\/\/www.sudoestehoje.com.br\/novoportal\/wp-json\/wp\/v2\/media\/110597"}],"wp:attachment":[{"href":"https:\/\/www.sudoestehoje.com.br\/novoportal\/wp-json\/wp\/v2\/media?parent=110595"}],"wp:term":[{"taxonomy":"category","embeddable":true,"href":"https:\/\/www.sudoestehoje.com.br\/novoportal\/wp-json\/wp\/v2\/categories?post=110595"},{"taxonomy":"post_tag","embeddable":true,"href":"https:\/\/www.sudoestehoje.com.br\/novoportal\/wp-json\/wp\/v2\/tags?post=110595"}],"curies":[{"name":"wp","href":"https:\/\/api.w.org\/{rel}","templated":true}]}}