
{"id":110582,"date":"2023-06-18T09:27:45","date_gmt":"2023-06-18T12:27:45","guid":{"rendered":"https:\/\/www.sudoestehoje.com.br\/novoportal\/?p=110582"},"modified":"2023-06-18T19:13:05","modified_gmt":"2023-06-18T22:13:05","slug":"politica-em-festa-da-saude-eduardo-hagge-e-tratado-como-pre-candidato-a-prefeito","status":"publish","type":"post","link":"https:\/\/www.sudoestehoje.com.br\/novoportal\/2023\/06\/18\/politica-em-festa-da-saude-eduardo-hagge-e-tratado-como-pre-candidato-a-prefeito\/","title":{"rendered":"POL\u00cdTICA | EM FESTA DA SA\u00daDE, EDUARDO HAGGE \u00c9 TRATADO COMO PR\u00c9-CANDIDATO A PREFEITO"},"content":{"rendered":"<p><a href=\"https:\/\/www.sudoestehoje.com.br\/novoportal\/wp-content\/uploads\/2023\/06\/WhatsApp-Image-2023-06-18-at-09.49.02.jpeg\"><img loading=\"lazy\" decoding=\"async\" class=\"aligncenter wp-image-110591\" src=\"https:\/\/www.sudoestehoje.com.br\/novoportal\/wp-content\/uploads\/2023\/06\/WhatsApp-Image-2023-06-18-at-09.49.02-600x270.jpeg\" alt=\"\" width=\"549\" height=\"247\" srcset=\"https:\/\/www.sudoestehoje.com.br\/novoportal\/wp-content\/uploads\/2023\/06\/WhatsApp-Image-2023-06-18-at-09.49.02-600x270.jpeg 600w, https:\/\/www.sudoestehoje.com.br\/novoportal\/wp-content\/uploads\/2023\/06\/WhatsApp-Image-2023-06-18-at-09.49.02-700x315.jpeg 700w, https:\/\/www.sudoestehoje.com.br\/novoportal\/wp-content\/uploads\/2023\/06\/WhatsApp-Image-2023-06-18-at-09.49.02-768x346.jpeg 768w, https:\/\/www.sudoestehoje.com.br\/novoportal\/wp-content\/uploads\/2023\/06\/WhatsApp-Image-2023-06-18-at-09.49.02-1536x691.jpeg 1536w, https:\/\/www.sudoestehoje.com.br\/novoportal\/wp-content\/uploads\/2023\/06\/WhatsApp-Image-2023-06-18-at-09.49.02.jpeg 1600w\" sizes=\"auto, (max-width: 549px) 100vw, 549px\" \/><\/a><\/p>\n<p><strong>Mesmo sem ter definido o seu futuro pol\u00edtico, o m\u00e9dico veterin\u00e1rio Eduardo Hagge (MDB), filho do l\u00edder pol\u00edtico Michel Hgge, j\u00e1 \u00e9 tratado como nome favorito do grupo do prefeito Rodrigo, para a sua sucess\u00e3o.<\/strong><\/p>\n<p><strong>Na base do prefeito Rodrigo Hagge, outros pr\u00e9-candidatos j\u00e1 foram lan\u00e7ados e est\u00e3o participando do processo pol\u00edtico, como Luciano Almeida (MDB), Gustavo David (PDT), Davi Ferraz (Cidadania), Darwin Renan (MDB), o vice Renan Pereira (UB), Manu Brand\u00e3o (MDB), Orlando Ribeiro (MDB), F\u00e1bio Viana (MDB) e Reinan Gusm\u00e3o (PSD), mas o nome de Eduardo Hagge desponta como aposta mais forte para a disputa de 2024.<\/strong><\/p>\n<p><strong>Na &#8216;Festa da Sa\u00fade&#8217;, realizada neste s\u00e1bado (17), Eduardo foi assediado por pol\u00edticos e servidores, numa demonstra\u00e7\u00e3o de que a sua popularidade est\u00e1 mesmo em alta.<\/strong><\/p>\n<p><strong>Vai dar samba&#8230;<\/strong><\/p>\n\n\t\t<style type=\"text\/css\">\n\t\t\t#gallery-1 {\n\t\t\t\tmargin: auto;\n\t\t\t}\n\t\t\t#gallery-1 .gallery-item {\n\t\t\t\tfloat: left;\n\t\t\t\tmargin-top: 10px;\n\t\t\t\ttext-align: center;\n\t\t\t\twidth: 33%;\n\t\t\t}\n\t\t\t#gallery-1 img {\n\t\t\t\tborder: 2px solid #cfcfcf;\n\t\t\t}\n\t\t\t#gallery-1 .gallery-caption {\n\t\t\t\tmargin-left: 0;\n\t\t\t}\n\t\t\t\/* see gallery_shortcode() in wp-includes\/media.php *\/\n\t\t<\/style>\n\t\t<div id='gallery-1' class='gallery galleryid-110582 gallery-columns-3 gallery-size-thumbnail'><dl class='gallery-item'>\n\t\t\t<dt class='gallery-icon landscape'>\n\t\t\t\t<a href='https:\/\/www.sudoestehoje.com.br\/novoportal\/2023\/06\/18\/politica-em-festa-da-saude-eduardo-hagge-e-tratado-como-pre-candidato-a-prefeito\/b1218d67-51b2-41e0-b78f-ac274a0e79a6\/'><img loading=\"lazy\" decoding=\"async\" width=\"150\" height=\"150\" src=\"https:\/\/www.sudoestehoje.com.br\/novoportal\/wp-content\/uploads\/2023\/06\/b1218d67-51b2-41e0-b78f-ac274a0e79a6-150x150.jpg\" class=\"attachment-thumbnail size-thumbnail\" alt=\"\" \/><\/a>\n\t\t\t<\/dt><\/dl><dl class='gallery-item'>\n\t\t\t<dt class='gallery-icon landscape'>\n\t\t\t\t<a href='https:\/\/www.sudoestehoje.com.br\/novoportal\/2023\/06\/18\/politica-em-festa-da-saude-eduardo-hagge-e-tratado-como-pre-candidato-a-prefeito\/whatsapp-image-2023-06-17-at-21-16-02\/'><img loading=\"lazy\" decoding=\"async\" width=\"150\" height=\"150\" src=\"https:\/\/www.sudoestehoje.com.br\/novoportal\/wp-content\/uploads\/2023\/06\/WhatsApp-Image-2023-06-17-at-21.16.02-150x150.jpeg\" class=\"attachment-thumbnail size-thumbnail\" alt=\"\" \/><\/a>\n\t\t\t<\/dt><\/dl><dl class='gallery-item'>\n\t\t\t<dt class='gallery-icon landscape'>\n\t\t\t\t<a href='https:\/\/www.sudoestehoje.com.br\/novoportal\/2023\/06\/18\/politica-em-festa-da-saude-eduardo-hagge-e-tratado-como-pre-candidato-a-prefeito\/whatsapp-image-2023-06-18-at-09-50-53\/'><img loading=\"lazy\" decoding=\"async\" width=\"150\" height=\"150\" src=\"https:\/\/www.sudoestehoje.com.br\/novoportal\/wp-content\/uploads\/2023\/06\/WhatsApp-Image-2023-06-18-at-09.50.53-150x150.jpeg\" class=\"attachment-thumbnail size-thumbnail\" alt=\"\" \/><\/a>\n\t\t\t<\/dt><\/dl><br style=\"clear: both\" \/>\n\t\t<\/div>\n\n<p><strong>Por Davi Ferraz\u00a0<\/strong><\/p>\n","protected":false},"excerpt":{"rendered":"<p>Mesmo sem ter definido o seu futuro pol\u00edtico, o m\u00e9dico veterin\u00e1rio Eduardo Hagge (MDB), filho do l\u00edder pol\u00edtico Michel Hgge, j\u00e1 \u00e9 tratado como nome favorito do grupo do prefeito Rodrigo, para a sua sucess\u00e3o. Na base do prefeito Rodrigo Hagge, outros pr\u00e9-candidatos j\u00e1 foram lan\u00e7ados e est\u00e3o participando do processo pol\u00edtico, como Luciano Almeida [&hellip;]<\/p>\n","protected":false},"author":2,"featured_media":110591,"comment_status":"closed","ping_status":"open","sticky":false,"template":"","format":"standard","meta":{"footnotes":"","_links_to":"","_links_to_target":""},"categories":[1],"tags":[],"class_list":["post-110582","post","type-post","status-publish","format-standard","has-post-thumbnail","hentry","category-geral"],"views":1212,"_links":{"self":[{"href":"https:\/\/www.sudoestehoje.com.br\/novoportal\/wp-json\/wp\/v2\/posts\/110582","targetHints":{"allow":["GET"]}}],"collection":[{"href":"https:\/\/www.sudoestehoje.com.br\/novoportal\/wp-json\/wp\/v2\/posts"}],"about":[{"href":"https:\/\/www.sudoestehoje.com.br\/novoportal\/wp-json\/wp\/v2\/types\/post"}],"author":[{"embeddable":true,"href":"https:\/\/www.sudoestehoje.com.br\/novoportal\/wp-json\/wp\/v2\/users\/2"}],"replies":[{"embeddable":true,"href":"https:\/\/www.sudoestehoje.com.br\/novoportal\/wp-json\/wp\/v2\/comments?post=110582"}],"version-history":[{"count":5,"href":"https:\/\/www.sudoestehoje.com.br\/novoportal\/wp-json\/wp\/v2\/posts\/110582\/revisions"}],"predecessor-version":[{"id":110594,"href":"https:\/\/www.sudoestehoje.com.br\/novoportal\/wp-json\/wp\/v2\/posts\/110582\/revisions\/110594"}],"wp:featuredmedia":[{"embeddable":true,"href":"https:\/\/www.sudoestehoje.com.br\/novoportal\/wp-json\/wp\/v2\/media\/110591"}],"wp:attachment":[{"href":"https:\/\/www.sudoestehoje.com.br\/novoportal\/wp-json\/wp\/v2\/media?parent=110582"}],"wp:term":[{"taxonomy":"category","embeddable":true,"href":"https:\/\/www.sudoestehoje.com.br\/novoportal\/wp-json\/wp\/v2\/categories?post=110582"},{"taxonomy":"post_tag","embeddable":true,"href":"https:\/\/www.sudoestehoje.com.br\/novoportal\/wp-json\/wp\/v2\/tags?post=110582"}],"curies":[{"name":"wp","href":"https:\/\/api.w.org\/{rel}","templated":true}]}}