
{"id":110572,"date":"2023-06-18T09:09:32","date_gmt":"2023-06-18T12:09:32","guid":{"rendered":"https:\/\/www.sudoestehoje.com.br\/novoportal\/?p=110572"},"modified":"2023-06-18T09:18:59","modified_gmt":"2023-06-18T12:18:59","slug":"itapetinga-clima-de-sao-joao-toma-conta-do-parque-da-lagoa","status":"publish","type":"post","link":"https:\/\/www.sudoestehoje.com.br\/novoportal\/2023\/06\/18\/itapetinga-clima-de-sao-joao-toma-conta-do-parque-da-lagoa\/","title":{"rendered":"ITAPETINGA | CLIMA DE S\u00c3O JO\u00c3O J\u00c1 TOMA CONTA DO PARQUE POLIESPORTIVO DA LAGOA"},"content":{"rendered":"<p><a href=\"https:\/\/www.sudoestehoje.com.br\/novoportal\/wp-content\/uploads\/2023\/06\/WhatsApp-Image-2023-06-18-at-09.02.11.jpeg\"><img loading=\"lazy\" decoding=\"async\" class=\"aligncenter wp-image-110576\" src=\"https:\/\/www.sudoestehoje.com.br\/novoportal\/wp-content\/uploads\/2023\/06\/WhatsApp-Image-2023-06-18-at-09.02.11-600x338.jpeg\" alt=\"\" width=\"550\" height=\"310\" srcset=\"https:\/\/www.sudoestehoje.com.br\/novoportal\/wp-content\/uploads\/2023\/06\/WhatsApp-Image-2023-06-18-at-09.02.11-600x338.jpeg 600w, https:\/\/www.sudoestehoje.com.br\/novoportal\/wp-content\/uploads\/2023\/06\/WhatsApp-Image-2023-06-18-at-09.02.11-700x394.jpeg 700w, https:\/\/www.sudoestehoje.com.br\/novoportal\/wp-content\/uploads\/2023\/06\/WhatsApp-Image-2023-06-18-at-09.02.11-768x432.jpeg 768w, https:\/\/www.sudoestehoje.com.br\/novoportal\/wp-content\/uploads\/2023\/06\/WhatsApp-Image-2023-06-18-at-09.02.11-1536x865.jpeg 1536w, https:\/\/www.sudoestehoje.com.br\/novoportal\/wp-content\/uploads\/2023\/06\/WhatsApp-Image-2023-06-18-at-09.02.11.jpeg 1600w\" sizes=\"auto, (max-width: 550px) 100vw, 550px\" \/><\/a><\/p>\n<p><strong>Antes mesmo da montagem da estrutura da festa de S\u00e3o Jo\u00e3o, o clima j\u00e1 \u00e9 de festa no Parque Poliesportivo da Lagoa, local dos festejos juninos em Itapetinga.<\/strong><\/p>\n<p><strong>Na noite deste s\u00e1bado (17), o local foi literalmente invadido por grupos de foli\u00f5es dos festejos juninos, com apresenta\u00e7\u00e3o de dan\u00e7as e quadrilha junina, o que atraiu muita gente.<a href=\"https:\/\/www.sudoestehoje.com.br\/novoportal\/wp-content\/uploads\/2023\/06\/WhatsApp-Image-2023-06-18-at-09.02.09.jpeg\"><img loading=\"lazy\" decoding=\"async\" class=\"aligncenter wp-image-110574\" src=\"https:\/\/www.sudoestehoje.com.br\/novoportal\/wp-content\/uploads\/2023\/06\/WhatsApp-Image-2023-06-18-at-09.02.09-600x338.jpeg\" alt=\"\" width=\"550\" height=\"310\" srcset=\"https:\/\/www.sudoestehoje.com.br\/novoportal\/wp-content\/uploads\/2023\/06\/WhatsApp-Image-2023-06-18-at-09.02.09-600x338.jpeg 600w, https:\/\/www.sudoestehoje.com.br\/novoportal\/wp-content\/uploads\/2023\/06\/WhatsApp-Image-2023-06-18-at-09.02.09-700x394.jpeg 700w, https:\/\/www.sudoestehoje.com.br\/novoportal\/wp-content\/uploads\/2023\/06\/WhatsApp-Image-2023-06-18-at-09.02.09-768x432.jpeg 768w, https:\/\/www.sudoestehoje.com.br\/novoportal\/wp-content\/uploads\/2023\/06\/WhatsApp-Image-2023-06-18-at-09.02.09-1536x865.jpeg 1536w, https:\/\/www.sudoestehoje.com.br\/novoportal\/wp-content\/uploads\/2023\/06\/WhatsApp-Image-2023-06-18-at-09.02.09.jpeg 1600w\" sizes=\"auto, (max-width: 550px) 100vw, 550px\" \/><\/a><\/strong><\/p>\n<p><strong><em>&#8220;A festa de S\u00e3o Jo\u00e3o em Itapetinga \u00e9 linda e n\u00e3o aguentamos mais esperar o dia oficial dos festejos, por isso viemos comemorar antecipadamente&#8221;<\/em>, disse uma participante do grupo ao Sudoeste Hoje.<\/strong><\/p>\n<p><strong>Enquanto o grupo animava a festa antecipada, oper\u00e1rios da empresa terceirizada fazia a montagem dos palcos, varando a madrugada.<\/strong><\/p>\n<p><a href=\"https:\/\/www.sudoestehoje.com.br\/novoportal\/wp-content\/uploads\/2023\/06\/WhatsApp-Image-2023-06-18-at-09.02.10.jpeg\"><img loading=\"lazy\" decoding=\"async\" class=\"aligncenter wp-image-110575\" src=\"https:\/\/www.sudoestehoje.com.br\/novoportal\/wp-content\/uploads\/2023\/06\/WhatsApp-Image-2023-06-18-at-09.02.10-600x338.jpeg\" alt=\"\" width=\"550\" height=\"310\" srcset=\"https:\/\/www.sudoestehoje.com.br\/novoportal\/wp-content\/uploads\/2023\/06\/WhatsApp-Image-2023-06-18-at-09.02.10-600x338.jpeg 600w, https:\/\/www.sudoestehoje.com.br\/novoportal\/wp-content\/uploads\/2023\/06\/WhatsApp-Image-2023-06-18-at-09.02.10-700x394.jpeg 700w, https:\/\/www.sudoestehoje.com.br\/novoportal\/wp-content\/uploads\/2023\/06\/WhatsApp-Image-2023-06-18-at-09.02.10-768x432.jpeg 768w, https:\/\/www.sudoestehoje.com.br\/novoportal\/wp-content\/uploads\/2023\/06\/WhatsApp-Image-2023-06-18-at-09.02.10-1536x865.jpeg 1536w, https:\/\/www.sudoestehoje.com.br\/novoportal\/wp-content\/uploads\/2023\/06\/WhatsApp-Image-2023-06-18-at-09.02.10.jpeg 1600w\" sizes=\"auto, (max-width: 550px) 100vw, 550px\" \/><\/a><\/p>\n<p><strong>Por Davi Ferraz<\/strong><\/p>\n","protected":false},"excerpt":{"rendered":"<p>Antes mesmo da montagem da estrutura da festa de S\u00e3o Jo\u00e3o, o clima j\u00e1 \u00e9 de festa no Parque Poliesportivo da Lagoa, local dos festejos juninos em Itapetinga. Na noite deste s\u00e1bado (17), o local foi literalmente invadido por grupos de foli\u00f5es dos festejos juninos, com apresenta\u00e7\u00e3o de dan\u00e7as e quadrilha junina, o que atraiu [&hellip;]<\/p>\n","protected":false},"author":2,"featured_media":110576,"comment_status":"closed","ping_status":"open","sticky":false,"template":"","format":"standard","meta":{"footnotes":"","_links_to":"","_links_to_target":""},"categories":[1],"tags":[],"class_list":["post-110572","post","type-post","status-publish","format-standard","has-post-thumbnail","hentry","category-geral"],"views":1618,"_links":{"self":[{"href":"https:\/\/www.sudoestehoje.com.br\/novoportal\/wp-json\/wp\/v2\/posts\/110572","targetHints":{"allow":["GET"]}}],"collection":[{"href":"https:\/\/www.sudoestehoje.com.br\/novoportal\/wp-json\/wp\/v2\/posts"}],"about":[{"href":"https:\/\/www.sudoestehoje.com.br\/novoportal\/wp-json\/wp\/v2\/types\/post"}],"author":[{"embeddable":true,"href":"https:\/\/www.sudoestehoje.com.br\/novoportal\/wp-json\/wp\/v2\/users\/2"}],"replies":[{"embeddable":true,"href":"https:\/\/www.sudoestehoje.com.br\/novoportal\/wp-json\/wp\/v2\/comments?post=110572"}],"version-history":[{"count":6,"href":"https:\/\/www.sudoestehoje.com.br\/novoportal\/wp-json\/wp\/v2\/posts\/110572\/revisions"}],"predecessor-version":[{"id":110581,"href":"https:\/\/www.sudoestehoje.com.br\/novoportal\/wp-json\/wp\/v2\/posts\/110572\/revisions\/110581"}],"wp:featuredmedia":[{"embeddable":true,"href":"https:\/\/www.sudoestehoje.com.br\/novoportal\/wp-json\/wp\/v2\/media\/110576"}],"wp:attachment":[{"href":"https:\/\/www.sudoestehoje.com.br\/novoportal\/wp-json\/wp\/v2\/media?parent=110572"}],"wp:term":[{"taxonomy":"category","embeddable":true,"href":"https:\/\/www.sudoestehoje.com.br\/novoportal\/wp-json\/wp\/v2\/categories?post=110572"},{"taxonomy":"post_tag","embeddable":true,"href":"https:\/\/www.sudoestehoje.com.br\/novoportal\/wp-json\/wp\/v2\/tags?post=110572"}],"curies":[{"name":"wp","href":"https:\/\/api.w.org\/{rel}","templated":true}]}}