
{"id":110562,"date":"2023-06-17T23:00:41","date_gmt":"2023-06-18T02:00:41","guid":{"rendered":"https:\/\/www.sudoestehoje.com.br\/novoportal\/?p=110562"},"modified":"2023-06-17T23:00:41","modified_gmt":"2023-06-18T02:00:41","slug":"regiao-a-convite-de-felipe-freire-rodrigo-hagge-comparece-a-festejos-em-itarantim","status":"publish","type":"post","link":"https:\/\/www.sudoestehoje.com.br\/novoportal\/2023\/06\/17\/regiao-a-convite-de-felipe-freire-rodrigo-hagge-comparece-a-festejos-em-itarantim\/","title":{"rendered":"REGI\u00c3O | A CONVITE DE FELIPE FREIRE, RODRIGO HAGGE COMPARECE A FESTEJOS EM ITARANTIM"},"content":{"rendered":"<p><a href=\"https:\/\/www.sudoestehoje.com.br\/novoportal\/wp-content\/uploads\/2023\/06\/a0b6de86-0cbd-478f-ac08-36ea519a342b.jpg\"><img loading=\"lazy\" decoding=\"async\" class=\"aligncenter  wp-image-110567\" src=\"https:\/\/www.sudoestehoje.com.br\/novoportal\/wp-content\/uploads\/2023\/06\/a0b6de86-0cbd-478f-ac08-36ea519a342b-600x370.jpg\" alt=\"\" width=\"550\" height=\"339\" srcset=\"https:\/\/www.sudoestehoje.com.br\/novoportal\/wp-content\/uploads\/2023\/06\/a0b6de86-0cbd-478f-ac08-36ea519a342b-600x370.jpg 600w, https:\/\/www.sudoestehoje.com.br\/novoportal\/wp-content\/uploads\/2023\/06\/a0b6de86-0cbd-478f-ac08-36ea519a342b.jpg 673w\" sizes=\"auto, (max-width: 550px) 100vw, 550px\" \/><\/a><\/p>\n<p><strong>O dia 15 de Junho \u00e9 uma data muito especial para a cidade de Itarantim, pois al\u00e9m de ser a comemora\u00e7\u00e3o de sua emancipa\u00e7\u00e3o pol\u00edtica, \u00e9 tamb\u00e9m um dia de muita festa e alegria no munic\u00edpio. Sabendo disso, autoridades regionais comparecem nos festejos.<\/strong><\/p>\n<p><strong>Uma das mais aguardas e badaladas foi a visita do gestor da Capital da Pecu\u00e1ria e refer\u00eancia regional em administra\u00e7\u00e3o, o prefeito de Itapetinga, Rodrigo Hagge (MDB).<\/strong><\/p>\n<p><strong>A convite de seu grande amigo e aliado pol\u00edtico Felipe Freire (MDB), Rodrigo se fez presente na noite de quinta-feira nos festejos da cidade, recebendo ali todo o calor e amor da popula\u00e7\u00e3o Itarantiense.\u00a0<em>Assista um pouco do que disse o prefeito:<\/em><\/strong><\/p>\n<div style=\"width: 640px;\" class=\"wp-video\"><!--[if lt IE 9]><script>document.createElement('video');<\/script><![endif]-->\n<video class=\"wp-video-shortcode\" id=\"video-110562-1\" width=\"640\" height=\"368\" preload=\"metadata\" controls=\"controls\"><source type=\"video\/mp4\" src=\"https:\/\/www.sudoestehoje.com.br\/novoportal\/wp-content\/uploads\/2023\/06\/WhatsApp-Video-2023-06-16-at-19.28.51.mp4?_=1\" \/><a href=\"https:\/\/www.sudoestehoje.com.br\/novoportal\/wp-content\/uploads\/2023\/06\/WhatsApp-Video-2023-06-16-at-19.28.51.mp4\">https:\/\/www.sudoestehoje.com.br\/novoportal\/wp-content\/uploads\/2023\/06\/WhatsApp-Video-2023-06-16-at-19.28.51.mp4<\/a><\/video><\/div>\n<p><strong><em>Ascom MDB Itarantim<\/em><\/strong><\/p>\n","protected":false},"excerpt":{"rendered":"<p>O dia 15 de Junho \u00e9 uma data muito especial para a cidade de Itarantim, pois al\u00e9m de ser a comemora\u00e7\u00e3o de sua emancipa\u00e7\u00e3o pol\u00edtica, \u00e9 tamb\u00e9m um dia de muita festa e alegria no munic\u00edpio. Sabendo disso, autoridades regionais comparecem nos festejos. Uma das mais aguardas e badaladas foi a visita do gestor da [&hellip;]<\/p>\n","protected":false},"author":2,"featured_media":110567,"comment_status":"closed","ping_status":"open","sticky":false,"template":"","format":"standard","meta":{"footnotes":"","_links_to":"","_links_to_target":""},"categories":[1],"tags":[],"class_list":["post-110562","post","type-post","status-publish","format-standard","has-post-thumbnail","hentry","category-geral"],"views":727,"_links":{"self":[{"href":"https:\/\/www.sudoestehoje.com.br\/novoportal\/wp-json\/wp\/v2\/posts\/110562","targetHints":{"allow":["GET"]}}],"collection":[{"href":"https:\/\/www.sudoestehoje.com.br\/novoportal\/wp-json\/wp\/v2\/posts"}],"about":[{"href":"https:\/\/www.sudoestehoje.com.br\/novoportal\/wp-json\/wp\/v2\/types\/post"}],"author":[{"embeddable":true,"href":"https:\/\/www.sudoestehoje.com.br\/novoportal\/wp-json\/wp\/v2\/users\/2"}],"replies":[{"embeddable":true,"href":"https:\/\/www.sudoestehoje.com.br\/novoportal\/wp-json\/wp\/v2\/comments?post=110562"}],"version-history":[{"count":6,"href":"https:\/\/www.sudoestehoje.com.br\/novoportal\/wp-json\/wp\/v2\/posts\/110562\/revisions"}],"predecessor-version":[{"id":110570,"href":"https:\/\/www.sudoestehoje.com.br\/novoportal\/wp-json\/wp\/v2\/posts\/110562\/revisions\/110570"}],"wp:featuredmedia":[{"embeddable":true,"href":"https:\/\/www.sudoestehoje.com.br\/novoportal\/wp-json\/wp\/v2\/media\/110567"}],"wp:attachment":[{"href":"https:\/\/www.sudoestehoje.com.br\/novoportal\/wp-json\/wp\/v2\/media?parent=110562"}],"wp:term":[{"taxonomy":"category","embeddable":true,"href":"https:\/\/www.sudoestehoje.com.br\/novoportal\/wp-json\/wp\/v2\/categories?post=110562"},{"taxonomy":"post_tag","embeddable":true,"href":"https:\/\/www.sudoestehoje.com.br\/novoportal\/wp-json\/wp\/v2\/tags?post=110562"}],"curies":[{"name":"wp","href":"https:\/\/api.w.org\/{rel}","templated":true}]}}