
{"id":11055,"date":"2011-12-11T11:16:07","date_gmt":"2011-12-11T14:16:07","guid":{"rendered":"http:\/\/www.sudoestehoje.com.br\/novoportal\/?p=11055"},"modified":"2011-12-11T17:56:57","modified_gmt":"2011-12-11T20:56:57","slug":"zangao-da-esperanca-e-campeao-na-fenagro2011","status":"publish","type":"post","link":"https:\/\/www.sudoestehoje.com.br\/novoportal\/2011\/12\/11\/zangao-da-esperanca-e-campeao-na-fenagro2011\/","title":{"rendered":"ZANG\u00c3O DA ESPERAN\u00c7A \u00c9 CAMPE\u00c3O NA FENAGRO\/2011"},"content":{"rendered":"<p>\ufeff\ufeff<\/p>\n<div id=\"attachment_11056\" style=\"width: 510px\" class=\"wp-caption aligncenter\"><a href=\"http:\/\/www.sudoestehoje.com.br\/novoportal\/wp-content\/uploads\/2011\/12\/ZANGAO.jpg\"><img loading=\"lazy\" decoding=\"async\" aria-describedby=\"caption-attachment-11056\" class=\"size-medium wp-image-11056\" title=\"ZANGAO\" src=\"http:\/\/www.sudoestehoje.com.br\/novoportal\/wp-content\/uploads\/2011\/12\/ZANGAO-500x375.jpg\" alt=\"\" width=\"500\" height=\"375\" srcset=\"https:\/\/www.sudoestehoje.com.br\/novoportal\/wp-content\/uploads\/2011\/12\/ZANGAO-500x375.jpg 500w, https:\/\/www.sudoestehoje.com.br\/novoportal\/wp-content\/uploads\/2011\/12\/ZANGAO-1024x768.jpg 1024w\" sizes=\"auto, (max-width: 500px) 100vw, 500px\" \/><\/a><p id=\"caption-attachment-11056\" class=\"wp-caption-text\">Zang\u00e3o da Esperan\u00e7a, dos criadores Leonardo e Eudes Matos, campe\u00e3o de &#39;marcha picada&#39; na Fenagro\/2011<\/p><\/div>\n<p>A Fenagro 2011 maior evento equestre do Norte e Nordeste, foi um sucesso absoluto para Ra\u00e7a Pampa, prestigiados com a presen\u00e7a do Presidente Nacional dos Criadores de Pampa Aroldo Rodrigues, acompanhado do Vice Presidente Eduardo aparecido, o evento foi marcado pela emo\u00e7\u00e3o dos julgamentos, dos grandes leil\u00f5es e principalmente pela participa\u00e7\u00e3o do p\u00fablico que lotou ao redor da pista central.<\/p>\n<p>O garanh\u00e3o Zang\u00e3o da Esperan\u00e7a, animal que pertence a um condom\u00ednio formado entre os criadores Leonardo Matos e Eudes Matos, daqui\u00a0 de Itapetinga, deu um Show na pista da Fenagro, sagrando-se assim, CAMPE\u00c3O CAVALO ADULTO DE MARCHA PICADA em um p\u00e1reo disputado por 10 cavalos.\u00a0Est\u00e3o de Parab\u00e9ns,\u00a0toda equipe do Haras LB da Esperan\u00e7a\u00a0respons\u00e1vel pela prepara\u00e7\u00e3o e apresenta\u00e7\u00e3o do Zang\u00e3o em pista, em especial ao treinador Adauto dos Santos. Zang\u00e3o tem duplo registro, na Mangalarga Machador \u00e9 Zang\u00e3o de Nanuque e no Pampa \u00e9 Zang\u00e3o da Esperan\u00e7a. Com o resultado da Fenagro Zang\u00e3o j\u00e1 est\u00e1 classificado para disputar a 19\u00aa Exposi\u00e7\u00e3o Nacional do Cavalo Pampa que acontecer\u00e1 em agosto de 2012 em Belo Horizonte \u2013 MG.<\/p>\n<p>APACHE HOMENAGEADO<\/p>\n<div id=\"attachment_11057\" style=\"width: 510px\" class=\"wp-caption aligncenter\"><a href=\"http:\/\/www.sudoestehoje.com.br\/novoportal\/wp-content\/uploads\/2011\/12\/APACHE-FENAGRO.jpg\"><img loading=\"lazy\" decoding=\"async\" aria-describedby=\"caption-attachment-11057\" class=\"size-medium wp-image-11057\" title=\"APACHE FENAGRO\" src=\"http:\/\/www.sudoestehoje.com.br\/novoportal\/wp-content\/uploads\/2011\/12\/APACHE-FENAGRO-500x332.jpg\" alt=\"\" width=\"500\" height=\"332\" srcset=\"https:\/\/www.sudoestehoje.com.br\/novoportal\/wp-content\/uploads\/2011\/12\/APACHE-FENAGRO-500x332.jpg 500w, https:\/\/www.sudoestehoje.com.br\/novoportal\/wp-content\/uploads\/2011\/12\/APACHE-FENAGRO.jpg 640w\" sizes=\"auto, (max-width: 500px) 100vw, 500px\" \/><\/a><p id=\"caption-attachment-11057\" class=\"wp-caption-text\">Campe\u00e3o Nacional Apache, B\u00e1rbara, Leonardo , recebendo a homenagem das m\u00e3os de Angelo Calmon de S\u00e1 e Mateus <\/p><\/div>\n<p>O presidente da Nacional aproveitou a oportunidade para nomear o criador daqui de Itapetinga\u00a0Leonardo Matos, Embaixador no Nordeste da Associa\u00e7\u00e3o Nacional\u00a0de Criadores, representando a\u00a0entidade em todos os Estados nordestinos, inclusive\u00a0\u00a0j\u00e1 com miss\u00e3o a ser cumprida no Estado de Pernanbuco na pr\u00f3xima semana.<!--more--> &#8221; fiquei muito honrado com a confian\u00e7a depositada pelo nosso presidente, assumindo o compromisso de me esfor\u00e7ar o m\u00e1ximo para bem representar nossa associa\u00e7\u00e3o no norteste, mais feliz ainda com a homenagem recebida por Apache por ter sido Campe\u00e3o Nacional e com os resultados obtidos por nossos animais na Fenagro e em especial com o show\u00a0que\u00a0 Zang\u00e3o da Esperan\u00e7a\u00a0deu nas pistas sagrando-se Campe\u00e3o Cavalo Adulto de Marcha Picada&#8221; afirmou Leonardo Matos.<\/p>\n<p>Segundo os \u00e1rbitros, a Fenagro contou com um n\u00famero representativo de animais de diversos estados, com excelente qualidade, encontrada em exposi\u00e7\u00f5es de n\u00edvel nacional.<\/p>\n<p>\u201cA expectativa para a Nacional de 2012 \u00e9 excelente. A ra\u00e7a vive momento de\u00a0exposi\u00e7\u00f5es concorridas\u00a0e leil\u00f5es movimentados. Por isso, fiz quest\u00e3o de visitar novamente a Bahia que possui um n\u00edvel excelente de animais e criadores, para em primeira m\u00e3o anunciar que a primeira etapa do campeonato brasileiro de marcha ser\u00e1 na Bahia em Feira de Santana em mar\u00e7o do ano que vem, \u201d, diz o presidente da Associa\u00e7\u00e3o Brasileira dos Criadores de Cavalos Pampa, Aroldo Rodrigues.<\/p>\n<p><em><strong>Da REDA\u00c7\u00c3O<\/strong><\/em><\/p>\n","protected":false},"excerpt":{"rendered":"<p>\ufeff\ufeff A Fenagro 2011 maior evento equestre do Norte e Nordeste, foi um sucesso absoluto para Ra\u00e7a Pampa, prestigiados com a presen\u00e7a do Presidente Nacional dos Criadores de Pampa Aroldo Rodrigues, acompanhado do Vice Presidente Eduardo aparecido, o evento foi marcado pela emo\u00e7\u00e3o dos julgamentos, dos grandes leil\u00f5es e principalmente pela participa\u00e7\u00e3o do p\u00fablico que [&hellip;]<\/p>\n","protected":false},"author":2,"featured_media":0,"comment_status":"open","ping_status":"open","sticky":false,"template":"","format":"standard","meta":{"footnotes":"","_links_to":"","_links_to_target":""},"categories":[1],"tags":[],"class_list":["post-11055","post","type-post","status-publish","format-standard","hentry","category-geral"],"views":5531,"_links":{"self":[{"href":"https:\/\/www.sudoestehoje.com.br\/novoportal\/wp-json\/wp\/v2\/posts\/11055","targetHints":{"allow":["GET"]}}],"collection":[{"href":"https:\/\/www.sudoestehoje.com.br\/novoportal\/wp-json\/wp\/v2\/posts"}],"about":[{"href":"https:\/\/www.sudoestehoje.com.br\/novoportal\/wp-json\/wp\/v2\/types\/post"}],"author":[{"embeddable":true,"href":"https:\/\/www.sudoestehoje.com.br\/novoportal\/wp-json\/wp\/v2\/users\/2"}],"replies":[{"embeddable":true,"href":"https:\/\/www.sudoestehoje.com.br\/novoportal\/wp-json\/wp\/v2\/comments?post=11055"}],"version-history":[{"count":7,"href":"https:\/\/www.sudoestehoje.com.br\/novoportal\/wp-json\/wp\/v2\/posts\/11055\/revisions"}],"predecessor-version":[{"id":11064,"href":"https:\/\/www.sudoestehoje.com.br\/novoportal\/wp-json\/wp\/v2\/posts\/11055\/revisions\/11064"}],"wp:attachment":[{"href":"https:\/\/www.sudoestehoje.com.br\/novoportal\/wp-json\/wp\/v2\/media?parent=11055"}],"wp:term":[{"taxonomy":"category","embeddable":true,"href":"https:\/\/www.sudoestehoje.com.br\/novoportal\/wp-json\/wp\/v2\/categories?post=11055"},{"taxonomy":"post_tag","embeddable":true,"href":"https:\/\/www.sudoestehoje.com.br\/novoportal\/wp-json\/wp\/v2\/tags?post=11055"}],"curies":[{"name":"wp","href":"https:\/\/api.w.org\/{rel}","templated":true}]}}