
{"id":11051,"date":"2011-12-11T00:33:20","date_gmt":"2011-12-11T03:33:20","guid":{"rendered":"http:\/\/www.sudoestehoje.com.br\/novoportal\/?p=11051"},"modified":"2011-12-11T18:30:46","modified_gmt":"2011-12-11T21:30:46","slug":"pega-o-neguinho","status":"publish","type":"post","link":"https:\/\/www.sudoestehoje.com.br\/novoportal\/2011\/12\/11\/pega-o-neguinho\/","title":{"rendered":"&#8220;PEGA O NEGUINHO!&#8221;"},"content":{"rendered":"<p><img decoding=\"async\" src=\"http:\/\/t0.gstatic.com\/images?q=tbn:ANd9GcTHJSBqLaQyPABF2_Ykb6RoV_xEjPmNun-jYIDKPCvnI7kOb4Bn\" alt=\"\" width=\"160\" \/><\/p>\n<p>Na semana passada, na Av. Rivadavia Ferraz, ocorreu um acidente entre um autom\u00f3vel e uma motocicleta. O passageiro da motocicleta teve um ferimento na perna e logo se formou uma aglomera\u00e7\u00e3o em volta. No meio dos curiosos, havia uma rapaz conhecido por \u2018Neguinho\u2019, que tem uma defici\u00eancia na perna e manca quando anda. O SAMU 192 foi acionado e em menos de 10 minutos j\u00e1 estava no local do acidente. Por\u00e9m, ao descerem da ambul\u00e2ncia os socorristas viram \u2018Neguinho\u2019 mancando e o agarraram, querendo coloc\u00e1-lo na maca, pensando que se tratava da v\u00edtima do acidente. Neguinho tentava correr, gritando que n\u00e3o era o acidentado: <em>\u201cnum s\u00f4 eu n\u00e3o, mo\u00e7o!\u201d<\/em>, mas os caras do SAMU n\u00e3o acreditavam nele e queriam lev\u00e1-lo na &#8216;marra&#8217;. Foi a\u00ed que algu\u00e9m informou que a vitima ainda estava estendida no ch\u00e3o e que aquele rapaz que eles queriam \u2018socorrer\u2019 n\u00e3o era o acidentado, mas sim um deficiente. Por pouco, n\u00e3o levaram o cara errado para o hospital. Informa\u00e7\u00f5es do Fala Itapetinga<\/p>\n","protected":false},"excerpt":{"rendered":"<p>Na semana passada, na Av. Rivadavia Ferraz, ocorreu um acidente entre um autom\u00f3vel e uma motocicleta. O passageiro da motocicleta teve um ferimento na perna e logo se formou uma aglomera\u00e7\u00e3o em volta. No meio dos curiosos, havia uma rapaz conhecido por \u2018Neguinho\u2019, que tem uma defici\u00eancia na perna e manca quando anda. O SAMU [&hellip;]<\/p>\n","protected":false},"author":2,"featured_media":0,"comment_status":"open","ping_status":"open","sticky":false,"template":"","format":"standard","meta":{"footnotes":"","_links_to":"","_links_to_target":""},"categories":[11],"tags":[],"class_list":["post-11051","post","type-post","status-publish","format-standard","hentry","category-quentinhas"],"views":1050,"_links":{"self":[{"href":"https:\/\/www.sudoestehoje.com.br\/novoportal\/wp-json\/wp\/v2\/posts\/11051","targetHints":{"allow":["GET"]}}],"collection":[{"href":"https:\/\/www.sudoestehoje.com.br\/novoportal\/wp-json\/wp\/v2\/posts"}],"about":[{"href":"https:\/\/www.sudoestehoje.com.br\/novoportal\/wp-json\/wp\/v2\/types\/post"}],"author":[{"embeddable":true,"href":"https:\/\/www.sudoestehoje.com.br\/novoportal\/wp-json\/wp\/v2\/users\/2"}],"replies":[{"embeddable":true,"href":"https:\/\/www.sudoestehoje.com.br\/novoportal\/wp-json\/wp\/v2\/comments?post=11051"}],"version-history":[{"count":5,"href":"https:\/\/www.sudoestehoje.com.br\/novoportal\/wp-json\/wp\/v2\/posts\/11051\/revisions"}],"predecessor-version":[{"id":11053,"href":"https:\/\/www.sudoestehoje.com.br\/novoportal\/wp-json\/wp\/v2\/posts\/11051\/revisions\/11053"}],"wp:attachment":[{"href":"https:\/\/www.sudoestehoje.com.br\/novoportal\/wp-json\/wp\/v2\/media?parent=11051"}],"wp:term":[{"taxonomy":"category","embeddable":true,"href":"https:\/\/www.sudoestehoje.com.br\/novoportal\/wp-json\/wp\/v2\/categories?post=11051"},{"taxonomy":"post_tag","embeddable":true,"href":"https:\/\/www.sudoestehoje.com.br\/novoportal\/wp-json\/wp\/v2\/tags?post=11051"}],"curies":[{"name":"wp","href":"https:\/\/api.w.org\/{rel}","templated":true}]}}