
{"id":110503,"date":"2023-06-14T08:58:33","date_gmt":"2023-06-14T11:58:33","guid":{"rendered":"https:\/\/www.sudoestehoje.com.br\/novoportal\/?p=110503"},"modified":"2023-06-14T09:02:13","modified_gmt":"2023-06-14T12:02:13","slug":"bahia-acidente-entre-caminhoes-deixa-2-mortos-e-interdita-rodovia","status":"publish","type":"post","link":"https:\/\/www.sudoestehoje.com.br\/novoportal\/2023\/06\/14\/bahia-acidente-entre-caminhoes-deixa-2-mortos-e-interdita-rodovia\/","title":{"rendered":"BAHIA | ACIDENTE ENTRE CAMINH\u00d5ES DEIXA 2 MORTOS E INTERDITA RODOVIA"},"content":{"rendered":"<div id=\"chunk-c184t\">\n<div class=\"mc-column content-text active-extra-styles \" data-block-type=\"unstyled\" data-block-weight=\"49\" data-block-id=\"3\">\n<p data-track-category=\"Link no Texto\" data-track-links=\"\"><a href=\"https:\/\/www.sudoestehoje.com.br\/novoportal\/wp-content\/uploads\/2023\/06\/whatsapp-image-2023-06-13-at-22.40.37-1.webp\"><img loading=\"lazy\" decoding=\"async\" class=\"aligncenter size-medium wp-image-110504\" src=\"https:\/\/www.sudoestehoje.com.br\/novoportal\/wp-content\/uploads\/2023\/06\/whatsapp-image-2023-06-13-at-22.40.37-1-600x338.webp\" alt=\"\" width=\"600\" height=\"338\" srcset=\"https:\/\/www.sudoestehoje.com.br\/novoportal\/wp-content\/uploads\/2023\/06\/whatsapp-image-2023-06-13-at-22.40.37-1-600x338.webp 600w, https:\/\/www.sudoestehoje.com.br\/novoportal\/wp-content\/uploads\/2023\/06\/whatsapp-image-2023-06-13-at-22.40.37-1-700x394.webp 700w, https:\/\/www.sudoestehoje.com.br\/novoportal\/wp-content\/uploads\/2023\/06\/whatsapp-image-2023-06-13-at-22.40.37-1-768x432.webp 768w, https:\/\/www.sudoestehoje.com.br\/novoportal\/wp-content\/uploads\/2023\/06\/whatsapp-image-2023-06-13-at-22.40.37-1.webp 810w\" sizes=\"auto, (max-width: 600px) 100vw, 600px\" \/><\/a><\/p>\n<p class=\"content-text__container \" data-track-category=\"Link no Texto\" data-track-links=\"\"><strong>Um acidente grave deixou dois mortos e um ferido em um trecho da BR-242 pr\u00f3ximo da cidade de Muqu\u00e9m de S\u00e3o Francisco, no oeste da Bahia, na noite desta ter\u00e7a-feira (13).<\/strong><\/p>\n<p class=\"content-text__container \" data-track-category=\"Link no Texto\" data-track-links=\"\"><strong>Segundo a Pol\u00edcia Rodovi\u00e1ria Federal (PRF), o acidente entre duas carretas e um caminh\u00e3o aconteceu por volta das 19h30. A pista precisou ser interditada nos dois sentidos por causa do fogo e foi liberada somente \u00e0s 7h desta quarta.<\/strong><\/p>\n<\/div>\n<\/div>\n<div class=\"wall protected-content\">\n<div id=\"chunk-3eeq4\">\n<div class=\"mc-column content-text active-extra-styles \" data-block-type=\"unstyled\" data-block-weight=\"12\" data-block-id=\"5\">\n<p class=\"content-text__container \" data-track-category=\"Link no Texto\" data-track-links=\"\"><strong>A v\u00edtima com ferimentos foi levada ao Hospital Regional de Ibotirama.<\/strong><\/p>\n<p data-track-category=\"Link no Texto\" data-track-links=\"\"><a href=\"https:\/\/www.sudoestehoje.com.br\/novoportal\/wp-content\/uploads\/2023\/06\/2023-06-Banner-Sao-Joao_Banner-980x310-V2.jpg\"><img loading=\"lazy\" decoding=\"async\" class=\"aligncenter  wp-image-110471\" src=\"https:\/\/www.sudoestehoje.com.br\/novoportal\/wp-content\/uploads\/2023\/06\/2023-06-Banner-Sao-Joao_Banner-980x310-V2-600x190.jpg\" alt=\"\" width=\"549\" height=\"174\" srcset=\"https:\/\/www.sudoestehoje.com.br\/novoportal\/wp-content\/uploads\/2023\/06\/2023-06-Banner-Sao-Joao_Banner-980x310-V2-600x190.jpg 600w, https:\/\/www.sudoestehoje.com.br\/novoportal\/wp-content\/uploads\/2023\/06\/2023-06-Banner-Sao-Joao_Banner-980x310-V2-700x221.jpg 700w, https:\/\/www.sudoestehoje.com.br\/novoportal\/wp-content\/uploads\/2023\/06\/2023-06-Banner-Sao-Joao_Banner-980x310-V2-768x243.jpg 768w, https:\/\/www.sudoestehoje.com.br\/novoportal\/wp-content\/uploads\/2023\/06\/2023-06-Banner-Sao-Joao_Banner-980x310-V2.jpg 980w\" sizes=\"auto, (max-width: 549px) 100vw, 549px\" \/><\/a><\/p>\n<\/div>\n<\/div>\n<\/div>\n","protected":false},"excerpt":{"rendered":"<p>Um acidente grave deixou dois mortos e um ferido em um trecho da BR-242 pr\u00f3ximo da cidade de Muqu\u00e9m de S\u00e3o Francisco, no oeste da Bahia, na noite desta ter\u00e7a-feira (13). Segundo a Pol\u00edcia Rodovi\u00e1ria Federal (PRF), o acidente entre duas carretas e um caminh\u00e3o aconteceu por volta das 19h30. A pista precisou ser interditada [&hellip;]<\/p>\n","protected":false},"author":2,"featured_media":110504,"comment_status":"closed","ping_status":"open","sticky":false,"template":"","format":"standard","meta":{"footnotes":"","_links_to":"","_links_to_target":""},"categories":[1],"tags":[],"class_list":["post-110503","post","type-post","status-publish","format-standard","has-post-thumbnail","hentry","category-geral"],"views":770,"_links":{"self":[{"href":"https:\/\/www.sudoestehoje.com.br\/novoportal\/wp-json\/wp\/v2\/posts\/110503","targetHints":{"allow":["GET"]}}],"collection":[{"href":"https:\/\/www.sudoestehoje.com.br\/novoportal\/wp-json\/wp\/v2\/posts"}],"about":[{"href":"https:\/\/www.sudoestehoje.com.br\/novoportal\/wp-json\/wp\/v2\/types\/post"}],"author":[{"embeddable":true,"href":"https:\/\/www.sudoestehoje.com.br\/novoportal\/wp-json\/wp\/v2\/users\/2"}],"replies":[{"embeddable":true,"href":"https:\/\/www.sudoestehoje.com.br\/novoportal\/wp-json\/wp\/v2\/comments?post=110503"}],"version-history":[{"count":2,"href":"https:\/\/www.sudoestehoje.com.br\/novoportal\/wp-json\/wp\/v2\/posts\/110503\/revisions"}],"predecessor-version":[{"id":110506,"href":"https:\/\/www.sudoestehoje.com.br\/novoportal\/wp-json\/wp\/v2\/posts\/110503\/revisions\/110506"}],"wp:featuredmedia":[{"embeddable":true,"href":"https:\/\/www.sudoestehoje.com.br\/novoportal\/wp-json\/wp\/v2\/media\/110504"}],"wp:attachment":[{"href":"https:\/\/www.sudoestehoje.com.br\/novoportal\/wp-json\/wp\/v2\/media?parent=110503"}],"wp:term":[{"taxonomy":"category","embeddable":true,"href":"https:\/\/www.sudoestehoje.com.br\/novoportal\/wp-json\/wp\/v2\/categories?post=110503"},{"taxonomy":"post_tag","embeddable":true,"href":"https:\/\/www.sudoestehoje.com.br\/novoportal\/wp-json\/wp\/v2\/tags?post=110503"}],"curies":[{"name":"wp","href":"https:\/\/api.w.org\/{rel}","templated":true}]}}