
{"id":110490,"date":"2023-06-14T08:35:13","date_gmt":"2023-06-14T11:35:13","guid":{"rendered":"https:\/\/www.sudoestehoje.com.br\/novoportal\/?p=110490"},"modified":"2023-06-14T08:45:32","modified_gmt":"2023-06-14T11:45:32","slug":"por-indicacao-da-vereadora-manu-brandao-camara-presta-homenagem-a-adriana-lemos-e-bruno-gama","status":"publish","type":"post","link":"https:\/\/www.sudoestehoje.com.br\/novoportal\/2023\/06\/14\/por-indicacao-da-vereadora-manu-brandao-camara-presta-homenagem-a-adriana-lemos-e-bruno-gama\/","title":{"rendered":"POR INDICA\u00c7\u00c3O DA VEREADORA MANU BRAND\u00c3O, C\u00c2MARA PRESTA HOMENAGEM A ADRIANA LEMOS E BRUNO GAMA"},"content":{"rendered":"<p><a href=\"https:\/\/www.sudoestehoje.com.br\/novoportal\/wp-content\/uploads\/2023\/06\/c167d4ee-6a8b-465b-80a0-4036dc31a62c.jpg\"><img loading=\"lazy\" decoding=\"async\" class=\"aligncenter wp-image-110493\" src=\"https:\/\/www.sudoestehoje.com.br\/novoportal\/wp-content\/uploads\/2023\/06\/c167d4ee-6a8b-465b-80a0-4036dc31a62c-600x405.jpg\" alt=\"\" width=\"550\" height=\"371\" srcset=\"https:\/\/www.sudoestehoje.com.br\/novoportal\/wp-content\/uploads\/2023\/06\/c167d4ee-6a8b-465b-80a0-4036dc31a62c-600x405.jpg 600w, https:\/\/www.sudoestehoje.com.br\/novoportal\/wp-content\/uploads\/2023\/06\/c167d4ee-6a8b-465b-80a0-4036dc31a62c-700x473.jpg 700w, https:\/\/www.sudoestehoje.com.br\/novoportal\/wp-content\/uploads\/2023\/06\/c167d4ee-6a8b-465b-80a0-4036dc31a62c.jpg 760w\" sizes=\"auto, (max-width: 550px) 100vw, 550px\" \/><\/a><\/p>\n<p><strong>Nesta ter\u00e7a-feira (13), a C\u00e2mara de Vereadores de Itapetinga homenageou figuras importantes da sociedade local, atrav\u00e9s da Medalha de Honra ao M\u00e9rito Juvino Oliveira, com base na Resolu\u00e7\u00e3o 190\/2001.<\/strong><\/p>\n<p><strong>Por indica\u00e7\u00e3o da vereadora Manu Brand\u00e3o (MDB), foram homenageados a Sra. Adriana Costa Lemos e Bruno Gama Sales, com a maior honraria da Casa Legislativa do munic\u00edpio.<\/strong><\/p>\n<p><strong>Adriana Lemos \u00e9 Enfermeira Obstetra e est\u00e1 sempre pronta em ajudar a popula\u00e7\u00e3o, com seu profissionalismo de excel\u00eancia, cuidado e amor, Adriana vem de um hist\u00f3rico pol\u00edtico dentro de Itapetinga, tendo atuado como Coordenadora dos Agentes de Sa\u00fade, assumindo em 2015 a Secretaria Municipal de S\u00e1ude, com excelente desempenho.<\/strong><\/p>\n<p><strong>Bruno Gama \u00e9 Diretor Geral da Secretaria Municipal de Sa\u00fade e atua como funcion\u00e1rio do Departamento de Pol\u00edcia T\u00e9cnica do Estado, em Itapetinga, prestando relevantes servi\u00e7os \u00e0 sociedade.<\/strong><\/p>\n<p><a href=\"https:\/\/www.sudoestehoje.com.br\/novoportal\/wp-content\/uploads\/2023\/06\/545185c1-fb09-4db0-8d70-c23049f5f0fe.jpg\"><img loading=\"lazy\" decoding=\"async\" class=\"aligncenter size-medium wp-image-110495\" src=\"https:\/\/www.sudoestehoje.com.br\/novoportal\/wp-content\/uploads\/2023\/06\/545185c1-fb09-4db0-8d70-c23049f5f0fe-600x450.jpg\" alt=\"\" width=\"600\" height=\"450\" srcset=\"https:\/\/www.sudoestehoje.com.br\/novoportal\/wp-content\/uploads\/2023\/06\/545185c1-fb09-4db0-8d70-c23049f5f0fe-600x450.jpg 600w, https:\/\/www.sudoestehoje.com.br\/novoportal\/wp-content\/uploads\/2023\/06\/545185c1-fb09-4db0-8d70-c23049f5f0fe-700x525.jpg 700w, https:\/\/www.sudoestehoje.com.br\/novoportal\/wp-content\/uploads\/2023\/06\/545185c1-fb09-4db0-8d70-c23049f5f0fe-768x576.jpg 768w, https:\/\/www.sudoestehoje.com.br\/novoportal\/wp-content\/uploads\/2023\/06\/545185c1-fb09-4db0-8d70-c23049f5f0fe.jpg 1024w\" sizes=\"auto, (max-width: 600px) 100vw, 600px\" \/><\/a><\/p>\n<p><strong>Em seu pronunciamento durante a sess\u00e3o, a vereadora Manu Brand\u00e3o destacou: <em>&#8220;Hoje, tivemos duas honrarias muito importantes, votadas e aprovadas na C\u00e2mara de Vereadores. As nossas homenagens foram para Adriana Lemos &#8211; Enfermeira Obstetra &#8211; e Bruno Gama &#8211; Diretor Geral da Secretaria de Sa\u00fade e exerce tamb\u00e9m atividade no Departamento da Pol\u00edcia T\u00e9cnica &#8211; onde, de forma excepcional contribuem para a nossa cidade de Itapetinga.\u00a0Bruno, meu amigo, falta-me palavras para descrever a imensa admira\u00e7\u00e3o que sinto por voc\u00ea. Que cora\u00e7\u00e3o gigante voc\u00ea tem! <\/em><em>Adriana, que grandes feitos voc\u00ea tem contribu\u00eddo para a nossa comunidade; Uma l\u00edder, uma m\u00e3e, uma inspira\u00e7\u00e3o profissional e pol\u00edtica.\u00a0Muito obrigada aos meus colegas vereadores que votaram sim, a minha indica\u00e7\u00e3o onde &#8220;Concede \u00e0 Sra. Adriana e o Sr. Bruno a Honra ao M\u00e9rito Juvino Oliveira&#8221;<\/em>, agradeceu a atuante vereadora. \/\/Ascom<\/strong><\/p>\n\n\t\t<style type=\"text\/css\">\n\t\t\t#gallery-1 {\n\t\t\t\tmargin: auto;\n\t\t\t}\n\t\t\t#gallery-1 .gallery-item {\n\t\t\t\tfloat: left;\n\t\t\t\tmargin-top: 10px;\n\t\t\t\ttext-align: center;\n\t\t\t\twidth: 33%;\n\t\t\t}\n\t\t\t#gallery-1 img {\n\t\t\t\tborder: 2px solid #cfcfcf;\n\t\t\t}\n\t\t\t#gallery-1 .gallery-caption {\n\t\t\t\tmargin-left: 0;\n\t\t\t}\n\t\t\t\/* see gallery_shortcode() in wp-includes\/media.php *\/\n\t\t<\/style>\n\t\t<div id='gallery-1' class='gallery galleryid-110490 gallery-columns-3 gallery-size-thumbnail'><dl class='gallery-item'>\n\t\t\t<dt class='gallery-icon landscape'>\n\t\t\t\t<a href='https:\/\/www.sudoestehoje.com.br\/novoportal\/2023\/06\/14\/por-indicacao-da-vereadora-manu-brandao-camara-presta-homenagem-a-adriana-lemos-e-bruno-gama\/6fca08e4-61f8-4527-9371-8b3c2a899035\/'><img loading=\"lazy\" decoding=\"async\" width=\"150\" height=\"150\" src=\"https:\/\/www.sudoestehoje.com.br\/novoportal\/wp-content\/uploads\/2023\/06\/6fca08e4-61f8-4527-9371-8b3c2a899035-150x150.jpg\" class=\"attachment-thumbnail size-thumbnail\" alt=\"\" \/><\/a>\n\t\t\t<\/dt><\/dl><dl class='gallery-item'>\n\t\t\t<dt class='gallery-icon landscape'>\n\t\t\t\t<a href='https:\/\/www.sudoestehoje.com.br\/novoportal\/2023\/06\/14\/por-indicacao-da-vereadora-manu-brandao-camara-presta-homenagem-a-adriana-lemos-e-bruno-gama\/0784a1f5-ee15-4ac4-8f4b-e8fcde454d78\/'><img loading=\"lazy\" decoding=\"async\" width=\"150\" height=\"150\" src=\"https:\/\/www.sudoestehoje.com.br\/novoportal\/wp-content\/uploads\/2023\/06\/0784a1f5-ee15-4ac4-8f4b-e8fcde454d78-150x150.jpg\" class=\"attachment-thumbnail size-thumbnail\" alt=\"\" \/><\/a>\n\t\t\t<\/dt><\/dl><dl class='gallery-item'>\n\t\t\t<dt class='gallery-icon landscape'>\n\t\t\t\t<a href='https:\/\/www.sudoestehoje.com.br\/novoportal\/2023\/06\/14\/por-indicacao-da-vereadora-manu-brandao-camara-presta-homenagem-a-adriana-lemos-e-bruno-gama\/66685682-bea5-430d-8cf9-4bb23b75e5e8\/'><img loading=\"lazy\" decoding=\"async\" width=\"150\" height=\"150\" src=\"https:\/\/www.sudoestehoje.com.br\/novoportal\/wp-content\/uploads\/2023\/06\/66685682-bea5-430d-8cf9-4bb23b75e5e8-150x150.jpg\" class=\"attachment-thumbnail size-thumbnail\" alt=\"\" \/><\/a>\n\t\t\t<\/dt><\/dl><br style=\"clear: both\" \/>\n\t\t<\/div>\n\n<p><a href=\"https:\/\/www.sudoestehoje.com.br\/novoportal\/wp-content\/uploads\/2023\/06\/2023-06-Banner-Sao-Joao_Banner-980x310-V2.jpg\"><img loading=\"lazy\" decoding=\"async\" class=\"aligncenter wp-image-110471\" src=\"https:\/\/www.sudoestehoje.com.br\/novoportal\/wp-content\/uploads\/2023\/06\/2023-06-Banner-Sao-Joao_Banner-980x310-V2-600x190.jpg\" alt=\"\" width=\"549\" height=\"174\" srcset=\"https:\/\/www.sudoestehoje.com.br\/novoportal\/wp-content\/uploads\/2023\/06\/2023-06-Banner-Sao-Joao_Banner-980x310-V2-600x190.jpg 600w, https:\/\/www.sudoestehoje.com.br\/novoportal\/wp-content\/uploads\/2023\/06\/2023-06-Banner-Sao-Joao_Banner-980x310-V2-700x221.jpg 700w, https:\/\/www.sudoestehoje.com.br\/novoportal\/wp-content\/uploads\/2023\/06\/2023-06-Banner-Sao-Joao_Banner-980x310-V2-768x243.jpg 768w, https:\/\/www.sudoestehoje.com.br\/novoportal\/wp-content\/uploads\/2023\/06\/2023-06-Banner-Sao-Joao_Banner-980x310-V2.jpg 980w\" sizes=\"auto, (max-width: 549px) 100vw, 549px\" \/><\/a><\/p>\n","protected":false},"excerpt":{"rendered":"<p>Nesta ter\u00e7a-feira (13), a C\u00e2mara de Vereadores de Itapetinga homenageou figuras importantes da sociedade local, atrav\u00e9s da Medalha de Honra ao M\u00e9rito Juvino Oliveira, com base na Resolu\u00e7\u00e3o 190\/2001. Por indica\u00e7\u00e3o da vereadora Manu Brand\u00e3o (MDB), foram homenageados a Sra. Adriana Costa Lemos e Bruno Gama Sales, com a maior honraria da Casa Legislativa do [&hellip;]<\/p>\n","protected":false},"author":2,"featured_media":110493,"comment_status":"closed","ping_status":"open","sticky":false,"template":"","format":"standard","meta":{"footnotes":"","_links_to":"","_links_to_target":""},"categories":[1],"tags":[],"class_list":["post-110490","post","type-post","status-publish","format-standard","has-post-thumbnail","hentry","category-geral"],"views":1010,"_links":{"self":[{"href":"https:\/\/www.sudoestehoje.com.br\/novoportal\/wp-json\/wp\/v2\/posts\/110490","targetHints":{"allow":["GET"]}}],"collection":[{"href":"https:\/\/www.sudoestehoje.com.br\/novoportal\/wp-json\/wp\/v2\/posts"}],"about":[{"href":"https:\/\/www.sudoestehoje.com.br\/novoportal\/wp-json\/wp\/v2\/types\/post"}],"author":[{"embeddable":true,"href":"https:\/\/www.sudoestehoje.com.br\/novoportal\/wp-json\/wp\/v2\/users\/2"}],"replies":[{"embeddable":true,"href":"https:\/\/www.sudoestehoje.com.br\/novoportal\/wp-json\/wp\/v2\/comments?post=110490"}],"version-history":[{"count":7,"href":"https:\/\/www.sudoestehoje.com.br\/novoportal\/wp-json\/wp\/v2\/posts\/110490\/revisions"}],"predecessor-version":[{"id":110502,"href":"https:\/\/www.sudoestehoje.com.br\/novoportal\/wp-json\/wp\/v2\/posts\/110490\/revisions\/110502"}],"wp:featuredmedia":[{"embeddable":true,"href":"https:\/\/www.sudoestehoje.com.br\/novoportal\/wp-json\/wp\/v2\/media\/110493"}],"wp:attachment":[{"href":"https:\/\/www.sudoestehoje.com.br\/novoportal\/wp-json\/wp\/v2\/media?parent=110490"}],"wp:term":[{"taxonomy":"category","embeddable":true,"href":"https:\/\/www.sudoestehoje.com.br\/novoportal\/wp-json\/wp\/v2\/categories?post=110490"},{"taxonomy":"post_tag","embeddable":true,"href":"https:\/\/www.sudoestehoje.com.br\/novoportal\/wp-json\/wp\/v2\/tags?post=110490"}],"curies":[{"name":"wp","href":"https:\/\/api.w.org\/{rel}","templated":true}]}}