
{"id":110458,"date":"2023-06-13T12:28:32","date_gmt":"2023-06-13T15:28:32","guid":{"rendered":"https:\/\/www.sudoestehoje.com.br\/novoportal\/?p=110458"},"modified":"2023-06-13T21:11:15","modified_gmt":"2023-06-14T00:11:15","slug":"cdl-divulga-funcionamento-especial-do-comercio-lojista-durante-sao-joao","status":"publish","type":"post","link":"https:\/\/www.sudoestehoje.com.br\/novoportal\/2023\/06\/13\/cdl-divulga-funcionamento-especial-do-comercio-lojista-durante-sao-joao\/","title":{"rendered":"CDL DIVULGA FUNCIONAMENTO ESPECIAL DO COM\u00c9RCIO LOJISTA DURANTE S\u00c3O JO\u00c3O"},"content":{"rendered":"<p><a href=\"https:\/\/www.sudoestehoje.com.br\/novoportal\/wp-content\/uploads\/2023\/06\/WhatsApp-Image-2023-06-13-at-11.59.12.jpeg\"><img loading=\"lazy\" decoding=\"async\" class=\"aligncenter wp-image-110460\" src=\"https:\/\/www.sudoestehoje.com.br\/novoportal\/wp-content\/uploads\/2023\/06\/WhatsApp-Image-2023-06-13-at-11.59.12-600x750.jpeg\" alt=\"\" width=\"550\" height=\"688\" srcset=\"https:\/\/www.sudoestehoje.com.br\/novoportal\/wp-content\/uploads\/2023\/06\/WhatsApp-Image-2023-06-13-at-11.59.12-600x750.jpeg 600w, https:\/\/www.sudoestehoje.com.br\/novoportal\/wp-content\/uploads\/2023\/06\/WhatsApp-Image-2023-06-13-at-11.59.12-700x875.jpeg 700w, https:\/\/www.sudoestehoje.com.br\/novoportal\/wp-content\/uploads\/2023\/06\/WhatsApp-Image-2023-06-13-at-11.59.12-768x960.jpeg 768w, https:\/\/www.sudoestehoje.com.br\/novoportal\/wp-content\/uploads\/2023\/06\/WhatsApp-Image-2023-06-13-at-11.59.12.jpeg 1181w\" sizes=\"auto, (max-width: 550px) 100vw, 550px\" \/><\/a><\/p>\n<p><strong>A\u00a0C\u00e2mara de Dirigentes Lojista de Itapetinga\u00a0e o\u00a0Sindicato dos Empregados do Com\u00e9rcio de Itapetinga e Itoror\u00f3, seguindo o disposto na Conven\u00e7\u00e3o Trabalhista, firmam acordo para troca\/substitui\u00e7\u00e3o do feriado do dia 24\/06\/2023 \u2013 S\u00e3o Jo\u00e3o, pelo dia do Comerci\u00e1rio 16\/10\/2023 (data trocada com a segunda-feira de carnaval 2023).<\/strong><\/p>\n<p><strong>Se prepare para o melhor clima de festa do ano \u2013 Fa\u00e7a suas compras no com\u00e9rcio de Itapetinga.<\/strong><\/p>\n<p><a href=\"https:\/\/www.sudoestehoje.com.br\/novoportal\/wp-content\/uploads\/2023\/06\/2023-06-Banner-Sao-Joao_Banner-980x310-V2.jpg\"><img loading=\"lazy\" decoding=\"async\" class=\"aligncenter  wp-image-110471\" src=\"https:\/\/www.sudoestehoje.com.br\/novoportal\/wp-content\/uploads\/2023\/06\/2023-06-Banner-Sao-Joao_Banner-980x310-V2-600x190.jpg\" alt=\"\" width=\"549\" height=\"174\" srcset=\"https:\/\/www.sudoestehoje.com.br\/novoportal\/wp-content\/uploads\/2023\/06\/2023-06-Banner-Sao-Joao_Banner-980x310-V2-600x190.jpg 600w, https:\/\/www.sudoestehoje.com.br\/novoportal\/wp-content\/uploads\/2023\/06\/2023-06-Banner-Sao-Joao_Banner-980x310-V2-700x221.jpg 700w, https:\/\/www.sudoestehoje.com.br\/novoportal\/wp-content\/uploads\/2023\/06\/2023-06-Banner-Sao-Joao_Banner-980x310-V2-768x243.jpg 768w, https:\/\/www.sudoestehoje.com.br\/novoportal\/wp-content\/uploads\/2023\/06\/2023-06-Banner-Sao-Joao_Banner-980x310-V2.jpg 980w\" sizes=\"auto, (max-width: 549px) 100vw, 549px\" \/><\/a><\/p>\n","protected":false},"excerpt":{"rendered":"<p>A\u00a0C\u00e2mara de Dirigentes Lojista de Itapetinga\u00a0e o\u00a0Sindicato dos Empregados do Com\u00e9rcio de Itapetinga e Itoror\u00f3, seguindo o disposto na Conven\u00e7\u00e3o Trabalhista, firmam acordo para troca\/substitui\u00e7\u00e3o do feriado do dia 24\/06\/2023 \u2013 S\u00e3o Jo\u00e3o, pelo dia do Comerci\u00e1rio 16\/10\/2023 (data trocada com a segunda-feira de carnaval 2023). Se prepare para o melhor clima de festa do [&hellip;]<\/p>\n","protected":false},"author":2,"featured_media":110460,"comment_status":"closed","ping_status":"open","sticky":false,"template":"","format":"standard","meta":{"footnotes":"","_links_to":"","_links_to_target":""},"categories":[1],"tags":[],"class_list":["post-110458","post","type-post","status-publish","format-standard","has-post-thumbnail","hentry","category-geral"],"views":826,"_links":{"self":[{"href":"https:\/\/www.sudoestehoje.com.br\/novoportal\/wp-json\/wp\/v2\/posts\/110458","targetHints":{"allow":["GET"]}}],"collection":[{"href":"https:\/\/www.sudoestehoje.com.br\/novoportal\/wp-json\/wp\/v2\/posts"}],"about":[{"href":"https:\/\/www.sudoestehoje.com.br\/novoportal\/wp-json\/wp\/v2\/types\/post"}],"author":[{"embeddable":true,"href":"https:\/\/www.sudoestehoje.com.br\/novoportal\/wp-json\/wp\/v2\/users\/2"}],"replies":[{"embeddable":true,"href":"https:\/\/www.sudoestehoje.com.br\/novoportal\/wp-json\/wp\/v2\/comments?post=110458"}],"version-history":[{"count":5,"href":"https:\/\/www.sudoestehoje.com.br\/novoportal\/wp-json\/wp\/v2\/posts\/110458\/revisions"}],"predecessor-version":[{"id":110478,"href":"https:\/\/www.sudoestehoje.com.br\/novoportal\/wp-json\/wp\/v2\/posts\/110458\/revisions\/110478"}],"wp:featuredmedia":[{"embeddable":true,"href":"https:\/\/www.sudoestehoje.com.br\/novoportal\/wp-json\/wp\/v2\/media\/110460"}],"wp:attachment":[{"href":"https:\/\/www.sudoestehoje.com.br\/novoportal\/wp-json\/wp\/v2\/media?parent=110458"}],"wp:term":[{"taxonomy":"category","embeddable":true,"href":"https:\/\/www.sudoestehoje.com.br\/novoportal\/wp-json\/wp\/v2\/categories?post=110458"},{"taxonomy":"post_tag","embeddable":true,"href":"https:\/\/www.sudoestehoje.com.br\/novoportal\/wp-json\/wp\/v2\/tags?post=110458"}],"curies":[{"name":"wp","href":"https:\/\/api.w.org\/{rel}","templated":true}]}}