
{"id":110453,"date":"2023-06-13T11:57:18","date_gmt":"2023-06-13T14:57:18","guid":{"rendered":"https:\/\/www.sudoestehoje.com.br\/novoportal\/?p=110453"},"modified":"2023-06-13T21:10:43","modified_gmt":"2023-06-14T00:10:43","slug":"itapetinga-solange-almeida-e-atracao-certa-na-abertura-do-forro-da-lagoa","status":"publish","type":"post","link":"https:\/\/www.sudoestehoje.com.br\/novoportal\/2023\/06\/13\/itapetinga-solange-almeida-e-atracao-certa-na-abertura-do-forro-da-lagoa\/","title":{"rendered":"ITAPETINGA | SOLANGE ALMEIDA \u00c9 ATRA\u00c7\u00c3O CERTA NA ABERTURA DO FORR\u00d3 DA LAGOA"},"content":{"rendered":"<p><a href=\"https:\/\/www.sudoestehoje.com.br\/novoportal\/wp-content\/uploads\/2023\/06\/solange-almeida-fara-turne-pelos-estados-unidos-em-dezembro.webp\"><img loading=\"lazy\" decoding=\"async\" class=\"aligncenter wp-image-110455\" src=\"https:\/\/www.sudoestehoje.com.br\/novoportal\/wp-content\/uploads\/2023\/06\/solange-almeida-fara-turne-pelos-estados-unidos-em-dezembro-600x345.webp\" alt=\"\" width=\"550\" height=\"316\" srcset=\"https:\/\/www.sudoestehoje.com.br\/novoportal\/wp-content\/uploads\/2023\/06\/solange-almeida-fara-turne-pelos-estados-unidos-em-dezembro-600x345.webp 600w, https:\/\/www.sudoestehoje.com.br\/novoportal\/wp-content\/uploads\/2023\/06\/solange-almeida-fara-turne-pelos-estados-unidos-em-dezembro-700x402.webp 700w, https:\/\/www.sudoestehoje.com.br\/novoportal\/wp-content\/uploads\/2023\/06\/solange-almeida-fara-turne-pelos-estados-unidos-em-dezembro-768x441.webp 768w, https:\/\/www.sudoestehoje.com.br\/novoportal\/wp-content\/uploads\/2023\/06\/solange-almeida-fara-turne-pelos-estados-unidos-em-dezembro.webp 984w\" sizes=\"auto, (max-width: 550px) 100vw, 550px\" \/><\/a><\/p>\n<p><strong>Anunciada com destaque, a cantora cearense Solange Almeida, ex-Avi\u00f5es, tem presen\u00e7a garantida no S\u00e3o Jo\u00e3o de Itapetinga, logo na abertura da festa, no dia 23 de junho.<\/strong><\/p>\n<p><strong>Realizado no apraz\u00edvel Parque Poliesportivo da Lagoa, o S\u00e3o Jo\u00e3o de Itapetinga vem se destacando como um dos melhores e mais organizados do interior da Bahia, com infraestrutura de qualidade, boas atra\u00e7\u00f5es e f\u00e1cil acesso.<\/strong><\/p>\n<p><strong>Outro fator que diferencia os festejos juninos de Itapetinga com os de outra cidades, \u00e9 a sua localiza\u00e7\u00e3o, vez que Itapetinga fica entre os dois maiores polos regionais, Vit\u00f3ria da Conquista e Itabuna\/Ilh\u00e9us, ligados por rodovias estaduais e federais, como a BA-263 e BR-415.<\/strong><\/p>\n<p><strong>A festa \u00e9 de primeira, com muita seguran\u00e7a, estacionamento f\u00e1cil, excelentes atra\u00e7\u00f5es e de gra\u00e7a.<\/strong><\/p>\n<p><strong>Venha conferir<\/strong><\/p>\n<p><strong>Por Davi Ferraz\u00a0<\/strong><\/p>\n<p><a href=\"https:\/\/www.sudoestehoje.com.br\/novoportal\/wp-content\/uploads\/2023\/06\/2023-06-Banner-Sao-Joao_Banner-980x310-V2.jpg\"><img loading=\"lazy\" decoding=\"async\" class=\"aligncenter  wp-image-110471\" src=\"https:\/\/www.sudoestehoje.com.br\/novoportal\/wp-content\/uploads\/2023\/06\/2023-06-Banner-Sao-Joao_Banner-980x310-V2-600x190.jpg\" alt=\"\" width=\"549\" height=\"174\" srcset=\"https:\/\/www.sudoestehoje.com.br\/novoportal\/wp-content\/uploads\/2023\/06\/2023-06-Banner-Sao-Joao_Banner-980x310-V2-600x190.jpg 600w, https:\/\/www.sudoestehoje.com.br\/novoportal\/wp-content\/uploads\/2023\/06\/2023-06-Banner-Sao-Joao_Banner-980x310-V2-700x221.jpg 700w, https:\/\/www.sudoestehoje.com.br\/novoportal\/wp-content\/uploads\/2023\/06\/2023-06-Banner-Sao-Joao_Banner-980x310-V2-768x243.jpg 768w, https:\/\/www.sudoestehoje.com.br\/novoportal\/wp-content\/uploads\/2023\/06\/2023-06-Banner-Sao-Joao_Banner-980x310-V2.jpg 980w\" sizes=\"auto, (max-width: 549px) 100vw, 549px\" \/><\/a><\/p>\n","protected":false},"excerpt":{"rendered":"<p>Anunciada com destaque, a cantora cearense Solange Almeida, ex-Avi\u00f5es, tem presen\u00e7a garantida no S\u00e3o Jo\u00e3o de Itapetinga, logo na abertura da festa, no dia 23 de junho. Realizado no apraz\u00edvel Parque Poliesportivo da Lagoa, o S\u00e3o Jo\u00e3o de Itapetinga vem se destacando como um dos melhores e mais organizados do interior da Bahia, com infraestrutura [&hellip;]<\/p>\n","protected":false},"author":2,"featured_media":110455,"comment_status":"closed","ping_status":"open","sticky":false,"template":"","format":"standard","meta":{"footnotes":"","_links_to":"","_links_to_target":""},"categories":[1],"tags":[],"class_list":["post-110453","post","type-post","status-publish","format-standard","has-post-thumbnail","hentry","category-geral"],"views":1476,"_links":{"self":[{"href":"https:\/\/www.sudoestehoje.com.br\/novoportal\/wp-json\/wp\/v2\/posts\/110453","targetHints":{"allow":["GET"]}}],"collection":[{"href":"https:\/\/www.sudoestehoje.com.br\/novoportal\/wp-json\/wp\/v2\/posts"}],"about":[{"href":"https:\/\/www.sudoestehoje.com.br\/novoportal\/wp-json\/wp\/v2\/types\/post"}],"author":[{"embeddable":true,"href":"https:\/\/www.sudoestehoje.com.br\/novoportal\/wp-json\/wp\/v2\/users\/2"}],"replies":[{"embeddable":true,"href":"https:\/\/www.sudoestehoje.com.br\/novoportal\/wp-json\/wp\/v2\/comments?post=110453"}],"version-history":[{"count":5,"href":"https:\/\/www.sudoestehoje.com.br\/novoportal\/wp-json\/wp\/v2\/posts\/110453\/revisions"}],"predecessor-version":[{"id":110477,"href":"https:\/\/www.sudoestehoje.com.br\/novoportal\/wp-json\/wp\/v2\/posts\/110453\/revisions\/110477"}],"wp:featuredmedia":[{"embeddable":true,"href":"https:\/\/www.sudoestehoje.com.br\/novoportal\/wp-json\/wp\/v2\/media\/110455"}],"wp:attachment":[{"href":"https:\/\/www.sudoestehoje.com.br\/novoportal\/wp-json\/wp\/v2\/media?parent=110453"}],"wp:term":[{"taxonomy":"category","embeddable":true,"href":"https:\/\/www.sudoestehoje.com.br\/novoportal\/wp-json\/wp\/v2\/categories?post=110453"},{"taxonomy":"post_tag","embeddable":true,"href":"https:\/\/www.sudoestehoje.com.br\/novoportal\/wp-json\/wp\/v2\/tags?post=110453"}],"curies":[{"name":"wp","href":"https:\/\/api.w.org\/{rel}","templated":true}]}}