
{"id":110447,"date":"2023-06-13T09:41:33","date_gmt":"2023-06-13T12:41:33","guid":{"rendered":"https:\/\/www.sudoestehoje.com.br\/novoportal\/?p=110447"},"modified":"2023-06-13T21:12:07","modified_gmt":"2023-06-14T00:12:07","slug":"politica-itapetinga-vereadores-luciano-e-neto-ferraz-devem-reasumir-mandatos","status":"publish","type":"post","link":"https:\/\/www.sudoestehoje.com.br\/novoportal\/2023\/06\/13\/politica-itapetinga-vereadores-luciano-e-neto-ferraz-devem-reasumir-mandatos\/","title":{"rendered":"POL\u00cdTICA ITAPETINGA | VEREADORES LUCIANO E NETO FERRAZ DEVEM REASSUMIR MANDATOS"},"content":{"rendered":"<p><a href=\"https:\/\/www.sudoestehoje.com.br\/novoportal\/wp-content\/uploads\/2023\/06\/WhatsApp-Image-2023-06-13-at-09.12.39.jpeg\"><img loading=\"lazy\" decoding=\"async\" class=\"aligncenter wp-image-110450\" src=\"https:\/\/www.sudoestehoje.com.br\/novoportal\/wp-content\/uploads\/2023\/06\/WhatsApp-Image-2023-06-13-at-09.12.39-600x353.jpeg\" alt=\"\" width=\"551\" height=\"324\" srcset=\"https:\/\/www.sudoestehoje.com.br\/novoportal\/wp-content\/uploads\/2023\/06\/WhatsApp-Image-2023-06-13-at-09.12.39-600x353.jpeg 600w, https:\/\/www.sudoestehoje.com.br\/novoportal\/wp-content\/uploads\/2023\/06\/WhatsApp-Image-2023-06-13-at-09.12.39-700x412.jpeg 700w, https:\/\/www.sudoestehoje.com.br\/novoportal\/wp-content\/uploads\/2023\/06\/WhatsApp-Image-2023-06-13-at-09.12.39-768x452.jpeg 768w, https:\/\/www.sudoestehoje.com.br\/novoportal\/wp-content\/uploads\/2023\/06\/WhatsApp-Image-2023-06-13-at-09.12.39.jpeg 1004w\" sizes=\"auto, (max-width: 551px) 100vw, 551px\" \/><\/a><\/p>\n<p><strong>Licenciados dos seus mandatos eletivos para assumir cargos no primeiro escal\u00e3o da gest\u00e3o do prefeito Rodrigo Hagge, os vereadores Luciano Almeida (MDB) e Neto Ferraz (PSC) j\u00e1 se preparam para reassumir seus mandatos na C\u00e2mara Municipal de Itapetinga.<\/strong><\/p>\n<p><strong>As datas dos retornos ainda n\u00e3o foram decididas, mas a movimenta\u00e7\u00e3o nos bastidores indica que j\u00e1 est\u00e3o muito pr\u00f3ximas.\u00a0<\/strong><\/p>\n<p><strong>Na vaga de Luciano Almeida, secret\u00e1rio do Meio Ambiente, assumiu o 1\u00ba suplente do MDB, Carl\u00e3o de Palmares, enquanto Juscelino Gomes suplente do PSC, ocupa a vaga de Neto Ferraz, atual Coordenador da Comutran.<\/strong><\/p>\n<p><strong>O retorno dos titulares j\u00e1 era previsto e tudo leva a crer que n\u00e3o demora muito &#8230;<\/strong><\/p>\n<p><strong>Por Davi Ferraz\u00a0<\/strong><\/p>\n<p><a href=\"https:\/\/www.sudoestehoje.com.br\/novoportal\/wp-content\/uploads\/2023\/06\/2023-06-Banner-Sao-Joao_Banner-980x310-V2.jpg\"><img loading=\"lazy\" decoding=\"async\" class=\"aligncenter  wp-image-110471\" src=\"https:\/\/www.sudoestehoje.com.br\/novoportal\/wp-content\/uploads\/2023\/06\/2023-06-Banner-Sao-Joao_Banner-980x310-V2-600x190.jpg\" alt=\"\" width=\"549\" height=\"174\" srcset=\"https:\/\/www.sudoestehoje.com.br\/novoportal\/wp-content\/uploads\/2023\/06\/2023-06-Banner-Sao-Joao_Banner-980x310-V2-600x190.jpg 600w, https:\/\/www.sudoestehoje.com.br\/novoportal\/wp-content\/uploads\/2023\/06\/2023-06-Banner-Sao-Joao_Banner-980x310-V2-700x221.jpg 700w, https:\/\/www.sudoestehoje.com.br\/novoportal\/wp-content\/uploads\/2023\/06\/2023-06-Banner-Sao-Joao_Banner-980x310-V2-768x243.jpg 768w, https:\/\/www.sudoestehoje.com.br\/novoportal\/wp-content\/uploads\/2023\/06\/2023-06-Banner-Sao-Joao_Banner-980x310-V2.jpg 980w\" sizes=\"auto, (max-width: 549px) 100vw, 549px\" \/><\/a><\/p>\n","protected":false},"excerpt":{"rendered":"<p>Licenciados dos seus mandatos eletivos para assumir cargos no primeiro escal\u00e3o da gest\u00e3o do prefeito Rodrigo Hagge, os vereadores Luciano Almeida (MDB) e Neto Ferraz (PSC) j\u00e1 se preparam para reassumir seus mandatos na C\u00e2mara Municipal de Itapetinga. As datas dos retornos ainda n\u00e3o foram decididas, mas a movimenta\u00e7\u00e3o nos bastidores indica que j\u00e1 est\u00e3o [&hellip;]<\/p>\n","protected":false},"author":2,"featured_media":110450,"comment_status":"closed","ping_status":"open","sticky":false,"template":"","format":"standard","meta":{"footnotes":"","_links_to":"","_links_to_target":""},"categories":[1],"tags":[],"class_list":["post-110447","post","type-post","status-publish","format-standard","has-post-thumbnail","hentry","category-geral"],"views":1116,"_links":{"self":[{"href":"https:\/\/www.sudoestehoje.com.br\/novoportal\/wp-json\/wp\/v2\/posts\/110447","targetHints":{"allow":["GET"]}}],"collection":[{"href":"https:\/\/www.sudoestehoje.com.br\/novoportal\/wp-json\/wp\/v2\/posts"}],"about":[{"href":"https:\/\/www.sudoestehoje.com.br\/novoportal\/wp-json\/wp\/v2\/types\/post"}],"author":[{"embeddable":true,"href":"https:\/\/www.sudoestehoje.com.br\/novoportal\/wp-json\/wp\/v2\/users\/2"}],"replies":[{"embeddable":true,"href":"https:\/\/www.sudoestehoje.com.br\/novoportal\/wp-json\/wp\/v2\/comments?post=110447"}],"version-history":[{"count":5,"href":"https:\/\/www.sudoestehoje.com.br\/novoportal\/wp-json\/wp\/v2\/posts\/110447\/revisions"}],"predecessor-version":[{"id":110479,"href":"https:\/\/www.sudoestehoje.com.br\/novoportal\/wp-json\/wp\/v2\/posts\/110447\/revisions\/110479"}],"wp:featuredmedia":[{"embeddable":true,"href":"https:\/\/www.sudoestehoje.com.br\/novoportal\/wp-json\/wp\/v2\/media\/110450"}],"wp:attachment":[{"href":"https:\/\/www.sudoestehoje.com.br\/novoportal\/wp-json\/wp\/v2\/media?parent=110447"}],"wp:term":[{"taxonomy":"category","embeddable":true,"href":"https:\/\/www.sudoestehoje.com.br\/novoportal\/wp-json\/wp\/v2\/categories?post=110447"},{"taxonomy":"post_tag","embeddable":true,"href":"https:\/\/www.sudoestehoje.com.br\/novoportal\/wp-json\/wp\/v2\/tags?post=110447"}],"curies":[{"name":"wp","href":"https:\/\/api.w.org\/{rel}","templated":true}]}}