
{"id":110443,"date":"2023-06-12T18:15:31","date_gmt":"2023-06-12T21:15:31","guid":{"rendered":"https:\/\/www.sudoestehoje.com.br\/novoportal\/?p=110443"},"modified":"2023-06-14T10:29:12","modified_gmt":"2023-06-14T13:29:12","slug":"governo-adotara-ponto-facultativo-no-dia-23-de-junho-vespera-de-sao-joao-2","status":"publish","type":"post","link":"https:\/\/www.sudoestehoje.com.br\/novoportal\/2023\/06\/12\/governo-adotara-ponto-facultativo-no-dia-23-de-junho-vespera-de-sao-joao-2\/","title":{"rendered":"GOVERNO ADOTAR\u00c1 PONTO FACULTATIVO NO DIA 23 DE JUNHO, V\u00c9SPERA DE S\u00c3O JO\u00c3O"},"content":{"rendered":"<p><a href=\"https:\/\/www.sudoestehoje.com.br\/novoportal\/wp-content\/uploads\/2023\/06\/RTEmagicC_Itapetinga_Sao_Joao_2013_560x360.jpg.jpg\"><img loading=\"lazy\" decoding=\"async\" class=\"aligncenter size-full wp-image-110439\" src=\"https:\/\/www.sudoestehoje.com.br\/novoportal\/wp-content\/uploads\/2023\/06\/RTEmagicC_Itapetinga_Sao_Joao_2013_560x360.jpg.jpg\" alt=\"\" width=\"560\" height=\"360\" \/><\/a><\/p>\n<p><strong>O governo estadual decretar\u00e1 ponto facultativo na quinta-feira da pr\u00f3xima semana, dia 22, v\u00e9spera da comemora\u00e7\u00e3o de S\u00e3o Jo\u00e3o. A not\u00edcia foi confirmada nesta tarde, pelo governador Jer\u00f4nimo Rodrigues, durante solenidade de formatura de novos soldados do Corpo de Bombeiros.<\/strong><\/p>\n<p><strong>Na sexta-feira (23) \u00e9 feriado, sendo seguido final de semana. <\/strong><\/p>\n<p><strong>O governador explicou que como a m\u00e1quina estadual n\u00e3o pode abrir m\u00e3o de um dia de trabalho, nesta ter\u00e7a-feira (13) ou na quarta-feira (14) ser\u00e1 publicado o decreto com o ponto facultativo e a forma de compensa\u00e7\u00e3o da carga hor\u00e1ria.<\/strong><\/p>\n<p><a href=\"https:\/\/www.sudoestehoje.com.br\/novoportal\/wp-content\/uploads\/2023\/06\/2023-06-Banner-Sao-Joao_Banner-980x310-V2.jpg\"><img loading=\"lazy\" decoding=\"async\" class=\"aligncenter wp-image-110471\" src=\"https:\/\/www.sudoestehoje.com.br\/novoportal\/wp-content\/uploads\/2023\/06\/2023-06-Banner-Sao-Joao_Banner-980x310-V2-600x190.jpg\" alt=\"\" width=\"549\" height=\"174\" srcset=\"https:\/\/www.sudoestehoje.com.br\/novoportal\/wp-content\/uploads\/2023\/06\/2023-06-Banner-Sao-Joao_Banner-980x310-V2-600x190.jpg 600w, https:\/\/www.sudoestehoje.com.br\/novoportal\/wp-content\/uploads\/2023\/06\/2023-06-Banner-Sao-Joao_Banner-980x310-V2-700x221.jpg 700w, https:\/\/www.sudoestehoje.com.br\/novoportal\/wp-content\/uploads\/2023\/06\/2023-06-Banner-Sao-Joao_Banner-980x310-V2-768x243.jpg 768w, https:\/\/www.sudoestehoje.com.br\/novoportal\/wp-content\/uploads\/2023\/06\/2023-06-Banner-Sao-Joao_Banner-980x310-V2.jpg 980w\" sizes=\"auto, (max-width: 549px) 100vw, 549px\" \/><\/a><\/p>\n","protected":false},"excerpt":{"rendered":"<p>O governo estadual decretar\u00e1 ponto facultativo na quinta-feira da pr\u00f3xima semana, dia 22, v\u00e9spera da comemora\u00e7\u00e3o de S\u00e3o Jo\u00e3o. A not\u00edcia foi confirmada nesta tarde, pelo governador Jer\u00f4nimo Rodrigues, durante solenidade de formatura de novos soldados do Corpo de Bombeiros. Na sexta-feira (23) \u00e9 feriado, sendo seguido final de semana. O governador explicou que como [&hellip;]<\/p>\n","protected":false},"author":2,"featured_media":110439,"comment_status":"closed","ping_status":"open","sticky":false,"template":"","format":"standard","meta":{"footnotes":"","_links_to":"","_links_to_target":""},"categories":[1],"tags":[],"class_list":["post-110443","post","type-post","status-publish","format-standard","has-post-thumbnail","hentry","category-geral"],"views":803,"_links":{"self":[{"href":"https:\/\/www.sudoestehoje.com.br\/novoportal\/wp-json\/wp\/v2\/posts\/110443","targetHints":{"allow":["GET"]}}],"collection":[{"href":"https:\/\/www.sudoestehoje.com.br\/novoportal\/wp-json\/wp\/v2\/posts"}],"about":[{"href":"https:\/\/www.sudoestehoje.com.br\/novoportal\/wp-json\/wp\/v2\/types\/post"}],"author":[{"embeddable":true,"href":"https:\/\/www.sudoestehoje.com.br\/novoportal\/wp-json\/wp\/v2\/users\/2"}],"replies":[{"embeddable":true,"href":"https:\/\/www.sudoestehoje.com.br\/novoportal\/wp-json\/wp\/v2\/comments?post=110443"}],"version-history":[{"count":3,"href":"https:\/\/www.sudoestehoje.com.br\/novoportal\/wp-json\/wp\/v2\/posts\/110443\/revisions"}],"predecessor-version":[{"id":110507,"href":"https:\/\/www.sudoestehoje.com.br\/novoportal\/wp-json\/wp\/v2\/posts\/110443\/revisions\/110507"}],"wp:featuredmedia":[{"embeddable":true,"href":"https:\/\/www.sudoestehoje.com.br\/novoportal\/wp-json\/wp\/v2\/media\/110439"}],"wp:attachment":[{"href":"https:\/\/www.sudoestehoje.com.br\/novoportal\/wp-json\/wp\/v2\/media?parent=110443"}],"wp:term":[{"taxonomy":"category","embeddable":true,"href":"https:\/\/www.sudoestehoje.com.br\/novoportal\/wp-json\/wp\/v2\/categories?post=110443"},{"taxonomy":"post_tag","embeddable":true,"href":"https:\/\/www.sudoestehoje.com.br\/novoportal\/wp-json\/wp\/v2\/tags?post=110443"}],"curies":[{"name":"wp","href":"https:\/\/api.w.org\/{rel}","templated":true}]}}