
{"id":11043,"date":"2011-12-10T23:16:06","date_gmt":"2011-12-11T02:16:06","guid":{"rendered":"http:\/\/www.sudoestehoje.com.br\/novoportal\/?p=11043"},"modified":"2011-12-10T23:16:06","modified_gmt":"2011-12-11T02:16:06","slug":"sinal-da-tv-uesb-chega-a-itapetinga","status":"publish","type":"post","link":"https:\/\/www.sudoestehoje.com.br\/novoportal\/2011\/12\/10\/sinal-da-tv-uesb-chega-a-itapetinga\/","title":{"rendered":"SINAL DA TV UESB CHEGA A ITAPETINGA"},"content":{"rendered":"<p style=\"text-align: center;\"><img decoding=\"async\" class=\"aligncenter\" src=\"http:\/\/www.uesb.br\/ascom\/noticias\/imagens\/tv_uesb.jpg\" alt=\"\" width=\"400\" \/><\/p>\n<p>A partir da pr\u00f3xima segunda-feira, 12, a programa\u00e7\u00e3o da Tv Uesb passa a ser exibida tamb\u00e9m em Itapetinga, atrav\u00e9s do canal 8 da TV aberta. A cidade ser\u00e1 beneficiada com a amplia\u00e7\u00e3o do sinal da emissora, o que representa mais uma oportunidade de acesso \u00e0 uma grade educativa, que traz informa\u00e7\u00f5es com qualidade e responsabilidade.<\/p>\n<p>De segunda a sexta-feira o telespectador conta em m\u00e9dia com duas horas di\u00e1rias de programa\u00e7\u00e3o local diversificada.\u00a0Al\u00e9m do Uesb Not\u00edcias, com uma edi\u00e7\u00e3o ao meio dia e outra \u00e0s 19 horas, s\u00e3o exibidos ainda o Esporte Uesb, que todas as segundas-feiras, traz o melhor do esporte do Brasil, do mundo e da nossa regi\u00e3o; na ter\u00e7a, \u00e9 dia de Mundo Universit\u00e1rio, programa que aborda temas concernentes ao ensino superior.<\/p>\n<p>Com exibi\u00e7\u00f5es na segunda e na quarta-feira, o programa Multiv\u00eddeos abre espa\u00e7o para as produ\u00e7\u00f5es independentes de cinema. O homem do campo e os assuntos do seu interesse s\u00e3o abordados toda a quinta-feira, no Uesb Rural e na sexta-feira, artistas da regi\u00e3o batem um papo sobre sua hist\u00f3ria e seu trabalho no Prosa Cultural.<\/p>\n<p>Todos os programas s\u00e3o exibidos \u00e0s 19h30 e reprisados no s\u00e1bado \u00e0 tarde. E logo ap\u00f3s o Prosa Cultural, \u00e9 exibido o Uesb Not\u00edcias Especial, jornal pioneiro no Estado que traz um resumo das principais not\u00edcias da semana com tradu\u00e7\u00e3o em L\u00edngua Brasileira de Sinais (Libras).<\/p>\n<p>A grade da Tv \u00e9 composta ainda pela programa\u00e7\u00e3o da Tv Brasil e TVE Bahia. Para assistir \u00e0 programa\u00e7\u00e3o da Tv Uesb, direcionane a antena para o Morro do Cruzeiro, onde est\u00e1 localizada o parque de transmiss\u00e3o da emissora. \u201cA amplia\u00e7\u00e3o do sinal da Tv \u00e9 um momento muito importante para a emissora, que ainda \u00e9 muito jovem. Temos uma programa\u00e7\u00e3o educativa que passa a alcan\u00e7ar um p\u00fablico de mais de 110 mil pessoas, o que certamente far\u00e1 a diferen\u00e7a e contribuir\u00e1 com a forma\u00e7\u00e3o de uma sociedade melhor\u201d, definiu Lu Mac\u00e1rio, coordenadora de jornalismo da Tv Uesb.<\/p>\n<div><strong><span style=\"font-size: medium;\">Mellina Montanha<\/span><\/strong><\/div>\n<div><span style=\"font-size: medium;\">Jornalista<\/span> &#8211;\u00a0<span style=\"font-size: medium;\">Assessoria de Comunica\u00e7\u00e3o (Ascom\/Uesb)<\/span><\/div>\n","protected":false},"excerpt":{"rendered":"<p>A partir da pr\u00f3xima segunda-feira, 12, a programa\u00e7\u00e3o da Tv Uesb passa a ser exibida tamb\u00e9m em Itapetinga, atrav\u00e9s do canal 8 da TV aberta. A cidade ser\u00e1 beneficiada com a amplia\u00e7\u00e3o do sinal da emissora, o que representa mais uma oportunidade de acesso \u00e0 uma grade educativa, que traz informa\u00e7\u00f5es com qualidade e responsabilidade. [&hellip;]<\/p>\n","protected":false},"author":2,"featured_media":0,"comment_status":"open","ping_status":"open","sticky":false,"template":"","format":"standard","meta":{"footnotes":"","_links_to":"","_links_to_target":""},"categories":[1],"tags":[],"class_list":["post-11043","post","type-post","status-publish","format-standard","hentry","category-geral"],"views":1044,"_links":{"self":[{"href":"https:\/\/www.sudoestehoje.com.br\/novoportal\/wp-json\/wp\/v2\/posts\/11043","targetHints":{"allow":["GET"]}}],"collection":[{"href":"https:\/\/www.sudoestehoje.com.br\/novoportal\/wp-json\/wp\/v2\/posts"}],"about":[{"href":"https:\/\/www.sudoestehoje.com.br\/novoportal\/wp-json\/wp\/v2\/types\/post"}],"author":[{"embeddable":true,"href":"https:\/\/www.sudoestehoje.com.br\/novoportal\/wp-json\/wp\/v2\/users\/2"}],"replies":[{"embeddable":true,"href":"https:\/\/www.sudoestehoje.com.br\/novoportal\/wp-json\/wp\/v2\/comments?post=11043"}],"version-history":[{"count":4,"href":"https:\/\/www.sudoestehoje.com.br\/novoportal\/wp-json\/wp\/v2\/posts\/11043\/revisions"}],"predecessor-version":[{"id":11047,"href":"https:\/\/www.sudoestehoje.com.br\/novoportal\/wp-json\/wp\/v2\/posts\/11043\/revisions\/11047"}],"wp:attachment":[{"href":"https:\/\/www.sudoestehoje.com.br\/novoportal\/wp-json\/wp\/v2\/media?parent=11043"}],"wp:term":[{"taxonomy":"category","embeddable":true,"href":"https:\/\/www.sudoestehoje.com.br\/novoportal\/wp-json\/wp\/v2\/categories?post=11043"},{"taxonomy":"post_tag","embeddable":true,"href":"https:\/\/www.sudoestehoje.com.br\/novoportal\/wp-json\/wp\/v2\/tags?post=11043"}],"curies":[{"name":"wp","href":"https:\/\/api.w.org\/{rel}","templated":true}]}}