
{"id":110424,"date":"2023-06-12T10:37:53","date_gmt":"2023-06-12T13:37:53","guid":{"rendered":"https:\/\/www.sudoestehoje.com.br\/novoportal\/?p=110424"},"modified":"2023-06-13T21:16:03","modified_gmt":"2023-06-14T00:16:03","slug":"bahia-vereador-do-pt-e-solto-pelo-tj-para-comparecer-a-festa-de-santo-antonio","status":"publish","type":"post","link":"https:\/\/www.sudoestehoje.com.br\/novoportal\/2023\/06\/12\/bahia-vereador-do-pt-e-solto-pelo-tj-para-comparecer-a-festa-de-santo-antonio\/","title":{"rendered":"BAHIA | VEREADOR DO PT \u00c9 SOLTO PELO TJ PARA COMPARECER \u00c0 FESTA DE SANTO ANT\u00d4NIO"},"content":{"rendered":"<p><a href=\"https:\/\/www.sudoestehoje.com.br\/novoportal\/wp-content\/uploads\/2023\/06\/IMAGEM_NOTICIA_5-2.webp\"><img loading=\"lazy\" decoding=\"async\" class=\"aligncenter wp-image-110426\" src=\"https:\/\/www.sudoestehoje.com.br\/novoportal\/wp-content\/uploads\/2023\/06\/IMAGEM_NOTICIA_5-2.webp\" alt=\"\" width=\"550\" height=\"350\" \/><\/a><\/p>\n<p><strong>Um vereador de Campo Formoso, no Piemonte Norte do Itapicuru, conseguiu um habeas corpus e n\u00e3o precisar\u00e1 se recolher \u00e0 casa dele \u00e0 noite. O pedido foi feito pela defesa de Arlivan Carvalho Gon\u00e7alves (PT) que pediu mais tempo para contato com os moradores durante a festa de Santo Ant\u00f4nio, padroeiro da cidade.<\/strong><\/p>\n<p><strong>A decis\u00e3o \u00e9 desta segunda-feira (12) e foi tomada pela desembargadora N\u00e1gila Maria Sales Brito, relatora do caso no Tribunal de Justi\u00e7a da Bahia (TJ-BA). Gon\u00e7alves chegou a ser preso, junto com a esposa, em novembro de 2019 em uma opera\u00e7\u00e3o [Captiosus] da Pol\u00edcia Civil baiana. A a\u00e7\u00e3o visava a desarticula\u00e7\u00e3o de um esquema de venda de carteiras de habilita\u00e7\u00e3o [CNH] em Senhor do Bonfim e regi\u00e3o. \u00c0 \u00e9poca, Gon\u00e7alves estava no PDT. Ele tamb\u00e9m j\u00e1 integrou o PTB e o PRTB.<\/strong><\/p>\n<p><strong>Onze pessoas tinham sido presas na ocasi\u00e3o. Ap\u00f3s a pris\u00e3o, a defesa do gestor pediu o relaxamento da pris\u00e3o, o que fez Arlivan cumprir recolhimento domiciliar entre as 23h e 5h. Para conseguir a libera\u00e7\u00e3o ampliada, o gestor alegou a \u201cnecessidade\u201d de ele participar dos festejos de Santo Ant\u00f4nio.<\/strong><\/p>\n<p><strong>\u201cSeria \u2018indispens\u00e1vel o seu contato pessoal com os cidad\u00e3os municipais, notadamente nesta \u00e9poca de festividades juninas, pelo fato de ser Santo Ant\u00f4nio o PADROEIRO do munic\u00edpio, onde o eleitorado comparece pessoalmente, impondo-se para qualquer pol\u00edtico a necessidade do contato pessoal com os presentes para os fi ns inerentes a sua atividade parlamentar\u201d\u201d, diz\u00a0trecho do recurso.<\/strong><\/p>\n<p><a href=\"https:\/\/www.sudoestehoje.com.br\/novoportal\/wp-content\/uploads\/2023\/06\/2023-06-Banner-Sao-Joao_Banner-980x310-V2.jpg\"><img loading=\"lazy\" decoding=\"async\" class=\"aligncenter  wp-image-110471\" src=\"https:\/\/www.sudoestehoje.com.br\/novoportal\/wp-content\/uploads\/2023\/06\/2023-06-Banner-Sao-Joao_Banner-980x310-V2-600x190.jpg\" alt=\"\" width=\"550\" height=\"174\" srcset=\"https:\/\/www.sudoestehoje.com.br\/novoportal\/wp-content\/uploads\/2023\/06\/2023-06-Banner-Sao-Joao_Banner-980x310-V2-600x190.jpg 600w, https:\/\/www.sudoestehoje.com.br\/novoportal\/wp-content\/uploads\/2023\/06\/2023-06-Banner-Sao-Joao_Banner-980x310-V2-700x221.jpg 700w, https:\/\/www.sudoestehoje.com.br\/novoportal\/wp-content\/uploads\/2023\/06\/2023-06-Banner-Sao-Joao_Banner-980x310-V2-768x243.jpg 768w, https:\/\/www.sudoestehoje.com.br\/novoportal\/wp-content\/uploads\/2023\/06\/2023-06-Banner-Sao-Joao_Banner-980x310-V2.jpg 980w\" sizes=\"auto, (max-width: 550px) 100vw, 550px\" \/><\/a><\/p>\n","protected":false},"excerpt":{"rendered":"<p>Um vereador de Campo Formoso, no Piemonte Norte do Itapicuru, conseguiu um habeas corpus e n\u00e3o precisar\u00e1 se recolher \u00e0 casa dele \u00e0 noite. O pedido foi feito pela defesa de Arlivan Carvalho Gon\u00e7alves (PT) que pediu mais tempo para contato com os moradores durante a festa de Santo Ant\u00f4nio, padroeiro da cidade. A decis\u00e3o [&hellip;]<\/p>\n","protected":false},"author":2,"featured_media":110426,"comment_status":"closed","ping_status":"open","sticky":false,"template":"","format":"standard","meta":{"footnotes":"","_links_to":"","_links_to_target":""},"categories":[1],"tags":[],"class_list":["post-110424","post","type-post","status-publish","format-standard","has-post-thumbnail","hentry","category-geral"],"views":688,"_links":{"self":[{"href":"https:\/\/www.sudoestehoje.com.br\/novoportal\/wp-json\/wp\/v2\/posts\/110424","targetHints":{"allow":["GET"]}}],"collection":[{"href":"https:\/\/www.sudoestehoje.com.br\/novoportal\/wp-json\/wp\/v2\/posts"}],"about":[{"href":"https:\/\/www.sudoestehoje.com.br\/novoportal\/wp-json\/wp\/v2\/types\/post"}],"author":[{"embeddable":true,"href":"https:\/\/www.sudoestehoje.com.br\/novoportal\/wp-json\/wp\/v2\/users\/2"}],"replies":[{"embeddable":true,"href":"https:\/\/www.sudoestehoje.com.br\/novoportal\/wp-json\/wp\/v2\/comments?post=110424"}],"version-history":[{"count":4,"href":"https:\/\/www.sudoestehoje.com.br\/novoportal\/wp-json\/wp\/v2\/posts\/110424\/revisions"}],"predecessor-version":[{"id":110482,"href":"https:\/\/www.sudoestehoje.com.br\/novoportal\/wp-json\/wp\/v2\/posts\/110424\/revisions\/110482"}],"wp:featuredmedia":[{"embeddable":true,"href":"https:\/\/www.sudoestehoje.com.br\/novoportal\/wp-json\/wp\/v2\/media\/110426"}],"wp:attachment":[{"href":"https:\/\/www.sudoestehoje.com.br\/novoportal\/wp-json\/wp\/v2\/media?parent=110424"}],"wp:term":[{"taxonomy":"category","embeddable":true,"href":"https:\/\/www.sudoestehoje.com.br\/novoportal\/wp-json\/wp\/v2\/categories?post=110424"},{"taxonomy":"post_tag","embeddable":true,"href":"https:\/\/www.sudoestehoje.com.br\/novoportal\/wp-json\/wp\/v2\/tags?post=110424"}],"curies":[{"name":"wp","href":"https:\/\/api.w.org\/{rel}","templated":true}]}}