
{"id":110419,"date":"2023-06-11T19:51:33","date_gmt":"2023-06-11T22:51:33","guid":{"rendered":"https:\/\/www.sudoestehoje.com.br\/novoportal\/?p=110419"},"modified":"2023-06-13T21:33:54","modified_gmt":"2023-06-14T00:33:54","slug":"itapetinga-forrozeiro-jua-da-bahia-e-atracao-confirmada-no-sao-da-lagoa-2023","status":"publish","type":"post","link":"https:\/\/www.sudoestehoje.com.br\/novoportal\/2023\/06\/11\/itapetinga-forrozeiro-jua-da-bahia-e-atracao-confirmada-no-sao-da-lagoa-2023\/","title":{"rendered":"ITAPETINGA | FORROZEIRO JU\u00c1 DA BAHIA \u00c9 ATRA\u00c7\u00c3O CONFIRMADA NO S\u00c3O DA LAGOA 2023"},"content":{"rendered":"<p><a href=\"https:\/\/www.sudoestehoje.com.br\/novoportal\/wp-content\/uploads\/2023\/06\/jua-da-bahia.jpeg\"><img loading=\"lazy\" decoding=\"async\" class=\"aligncenter wp-image-110420\" src=\"https:\/\/www.sudoestehoje.com.br\/novoportal\/wp-content\/uploads\/2023\/06\/jua-da-bahia-600x338.jpeg\" alt=\"\" width=\"550\" height=\"310\" srcset=\"https:\/\/www.sudoestehoje.com.br\/novoportal\/wp-content\/uploads\/2023\/06\/jua-da-bahia-600x338.jpeg 600w, https:\/\/www.sudoestehoje.com.br\/novoportal\/wp-content\/uploads\/2023\/06\/jua-da-bahia-700x394.jpeg 700w, https:\/\/www.sudoestehoje.com.br\/novoportal\/wp-content\/uploads\/2023\/06\/jua-da-bahia-768x432.jpeg 768w, https:\/\/www.sudoestehoje.com.br\/novoportal\/wp-content\/uploads\/2023\/06\/jua-da-bahia-1536x864.jpeg 1536w, https:\/\/www.sudoestehoje.com.br\/novoportal\/wp-content\/uploads\/2023\/06\/jua-da-bahia.jpeg 1600w\" sizes=\"auto, (max-width: 550px) 100vw, 550px\" \/><\/a><\/p>\n<p><strong>Um dos maiores forrozeiros do interior baiano, JU\u00c1 DA BAHIA, \u00e9 uma das atra\u00e7\u00f5es confirmadas pela organiza\u00e7\u00e3o do tradicional S\u00e3o Jo\u00e3o de Itapetinga, realizado no Parque Poliesportivo da Lagoa.\u00a0<\/strong><\/p>\n<p><strong>Itapetinguense, Ju\u00e1 da Bahia e seu &#8216;forr\u00f3 p\u00e9-de-serra&#8221;, tem participa\u00e7\u00e3o quase obrigat\u00f3ria nas festas juninas em toda a regi\u00e3o Sudoeste, h\u00e1 d\u00e9cadas, com sua voz suave e afinada, al\u00e9m do repert\u00f3rio de alto n\u00edvel e banda sensacional.<\/strong><\/p>\n<p><strong>Neste ano, Ju\u00e1 da Bahia fecha a festa na &#8216;Capital da Pecu\u00e1ria&#8217;, com apresenta\u00e7\u00e3o prevista para o dia 25 de junho.<\/strong><\/p>\n<p><strong>Por Davi Ferraz\u00a0<\/strong><\/p>\n<p><a href=\"https:\/\/www.sudoestehoje.com.br\/novoportal\/wp-content\/uploads\/2023\/06\/2023-06-Banner-Sao-Joao_Banner-980x310-V2.jpg\"><img loading=\"lazy\" decoding=\"async\" class=\"aligncenter  wp-image-110471\" src=\"https:\/\/www.sudoestehoje.com.br\/novoportal\/wp-content\/uploads\/2023\/06\/2023-06-Banner-Sao-Joao_Banner-980x310-V2-600x190.jpg\" alt=\"\" width=\"550\" height=\"174\" srcset=\"https:\/\/www.sudoestehoje.com.br\/novoportal\/wp-content\/uploads\/2023\/06\/2023-06-Banner-Sao-Joao_Banner-980x310-V2-600x190.jpg 600w, https:\/\/www.sudoestehoje.com.br\/novoportal\/wp-content\/uploads\/2023\/06\/2023-06-Banner-Sao-Joao_Banner-980x310-V2-700x221.jpg 700w, https:\/\/www.sudoestehoje.com.br\/novoportal\/wp-content\/uploads\/2023\/06\/2023-06-Banner-Sao-Joao_Banner-980x310-V2-768x243.jpg 768w, https:\/\/www.sudoestehoje.com.br\/novoportal\/wp-content\/uploads\/2023\/06\/2023-06-Banner-Sao-Joao_Banner-980x310-V2.jpg 980w\" sizes=\"auto, (max-width: 550px) 100vw, 550px\" \/><\/a><\/p>\n","protected":false},"excerpt":{"rendered":"<p>Um dos maiores forrozeiros do interior baiano, JU\u00c1 DA BAHIA, \u00e9 uma das atra\u00e7\u00f5es confirmadas pela organiza\u00e7\u00e3o do tradicional S\u00e3o Jo\u00e3o de Itapetinga, realizado no Parque Poliesportivo da Lagoa.\u00a0 Itapetinguense, Ju\u00e1 da Bahia e seu &#8216;forr\u00f3 p\u00e9-de-serra&#8221;, tem participa\u00e7\u00e3o quase obrigat\u00f3ria nas festas juninas em toda a regi\u00e3o Sudoeste, h\u00e1 d\u00e9cadas, com sua voz suave [&hellip;]<\/p>\n","protected":false},"author":2,"featured_media":110420,"comment_status":"closed","ping_status":"open","sticky":false,"template":"","format":"standard","meta":{"footnotes":"","_links_to":"","_links_to_target":""},"categories":[1],"tags":[],"class_list":["post-110419","post","type-post","status-publish","format-standard","has-post-thumbnail","hentry","category-geral"],"views":1013,"_links":{"self":[{"href":"https:\/\/www.sudoestehoje.com.br\/novoportal\/wp-json\/wp\/v2\/posts\/110419","targetHints":{"allow":["GET"]}}],"collection":[{"href":"https:\/\/www.sudoestehoje.com.br\/novoportal\/wp-json\/wp\/v2\/posts"}],"about":[{"href":"https:\/\/www.sudoestehoje.com.br\/novoportal\/wp-json\/wp\/v2\/types\/post"}],"author":[{"embeddable":true,"href":"https:\/\/www.sudoestehoje.com.br\/novoportal\/wp-json\/wp\/v2\/users\/2"}],"replies":[{"embeddable":true,"href":"https:\/\/www.sudoestehoje.com.br\/novoportal\/wp-json\/wp\/v2\/comments?post=110419"}],"version-history":[{"count":4,"href":"https:\/\/www.sudoestehoje.com.br\/novoportal\/wp-json\/wp\/v2\/posts\/110419\/revisions"}],"predecessor-version":[{"id":110483,"href":"https:\/\/www.sudoestehoje.com.br\/novoportal\/wp-json\/wp\/v2\/posts\/110419\/revisions\/110483"}],"wp:featuredmedia":[{"embeddable":true,"href":"https:\/\/www.sudoestehoje.com.br\/novoportal\/wp-json\/wp\/v2\/media\/110420"}],"wp:attachment":[{"href":"https:\/\/www.sudoestehoje.com.br\/novoportal\/wp-json\/wp\/v2\/media?parent=110419"}],"wp:term":[{"taxonomy":"category","embeddable":true,"href":"https:\/\/www.sudoestehoje.com.br\/novoportal\/wp-json\/wp\/v2\/categories?post=110419"},{"taxonomy":"post_tag","embeddable":true,"href":"https:\/\/www.sudoestehoje.com.br\/novoportal\/wp-json\/wp\/v2\/tags?post=110419"}],"curies":[{"name":"wp","href":"https:\/\/api.w.org\/{rel}","templated":true}]}}