
{"id":110407,"date":"2023-06-11T11:18:59","date_gmt":"2023-06-11T14:18:59","guid":{"rendered":"https:\/\/www.sudoestehoje.com.br\/novoportal\/?p=110407"},"modified":"2023-06-11T11:39:07","modified_gmt":"2023-06-11T14:39:07","slug":"clima-tempo-continua-frio-em-itapetinga-e-regiao-mas-vai-esquentar-no-sao-joao-e-sao-pedro","status":"publish","type":"post","link":"https:\/\/www.sudoestehoje.com.br\/novoportal\/2023\/06\/11\/clima-tempo-continua-frio-em-itapetinga-e-regiao-mas-vai-esquentar-no-sao-joao-e-sao-pedro\/","title":{"rendered":"CLIMA | TEMPO CONTINUA FRIO EM ITAPETINGA E REGI\u00c3O, MAS VAI &#8216;ESQUENTAR&#8217; NO S\u00c3O JO\u00c3O E S\u00c3O PEDRO"},"content":{"rendered":"<p>&nbsp;<\/p>\n<p><a href=\"https:\/\/www.sudoestehoje.com.br\/novoportal\/wp-content\/uploads\/2023\/06\/sao-j-2.jpg\"><img loading=\"lazy\" decoding=\"async\" class=\"aligncenter wp-image-110411\" src=\"https:\/\/www.sudoestehoje.com.br\/novoportal\/wp-content\/uploads\/2023\/06\/sao-j-2-600x338.jpg\" alt=\"\" width=\"550\" height=\"310\" srcset=\"https:\/\/www.sudoestehoje.com.br\/novoportal\/wp-content\/uploads\/2023\/06\/sao-j-2-600x338.jpg 600w, https:\/\/www.sudoestehoje.com.br\/novoportal\/wp-content\/uploads\/2023\/06\/sao-j-2-700x394.jpg 700w, https:\/\/www.sudoestehoje.com.br\/novoportal\/wp-content\/uploads\/2023\/06\/sao-j-2-768x432.jpg 768w, https:\/\/www.sudoestehoje.com.br\/novoportal\/wp-content\/uploads\/2023\/06\/sao-j-2.jpg 960w\" sizes=\"auto, (max-width: 550px) 100vw, 550px\" \/><\/a><\/p>\n<p><strong>Com a proximidade do inverno, as temperatura come\u00e7am a cair em Itapetinga e cidades do M\u00e9dio Sudoeste, com a chegada de frentes frias.\u00a0Chuvas finas predominam nas manh\u00e3s, mas o sol d\u00e1 as caras no decorrer do dia.<\/strong><\/p>\n<p><strong>\u00c0 noite, as temperaturas caem, ficando abaixo dos 20\u00b0C, trazendo aquele friozinho gostoso para dormir, mas atrapalhando a movimenta\u00e7\u00e3o nos locais de lazer, a exemplo do Parque da Lagoa.<\/strong><\/p>\n<p><strong>A expectativa agora se concentra nos festejos de S\u00e3o Jo\u00e3o e S\u00e3o Pedro, que prometem &#8216;esquentar o clima&#8217; em toda a regi\u00e3o, principalmente em Itapetinga,\u00a0 Ibicu\u00ed, Itarantim, Caatiba, Itamb\u00e9, Itoror\u00f3 e Macarani, onde grandes atra\u00e7\u00f5es s\u00e3o esperadas para animar os festejos juninos.<\/strong><\/p>\n<p><strong>Que venham S\u00e3o Jo\u00e3o e S\u00e3o Pedro!<\/strong><\/p>\n<p><strong>Por Davi Ferraz<\/strong><\/p>\n","protected":false},"excerpt":{"rendered":"<p>&nbsp; Com a proximidade do inverno, as temperatura come\u00e7am a cair em Itapetinga e cidades do M\u00e9dio Sudoeste, com a chegada de frentes frias.\u00a0Chuvas finas predominam nas manh\u00e3s, mas o sol d\u00e1 as caras no decorrer do dia. \u00c0 noite, as temperaturas caem, ficando abaixo dos 20\u00b0C, trazendo aquele friozinho gostoso para dormir, mas atrapalhando [&hellip;]<\/p>\n","protected":false},"author":2,"featured_media":110411,"comment_status":"closed","ping_status":"open","sticky":false,"template":"","format":"standard","meta":{"footnotes":"","_links_to":"","_links_to_target":""},"categories":[1],"tags":[],"class_list":["post-110407","post","type-post","status-publish","format-standard","has-post-thumbnail","hentry","category-geral"],"views":1776,"_links":{"self":[{"href":"https:\/\/www.sudoestehoje.com.br\/novoportal\/wp-json\/wp\/v2\/posts\/110407","targetHints":{"allow":["GET"]}}],"collection":[{"href":"https:\/\/www.sudoestehoje.com.br\/novoportal\/wp-json\/wp\/v2\/posts"}],"about":[{"href":"https:\/\/www.sudoestehoje.com.br\/novoportal\/wp-json\/wp\/v2\/types\/post"}],"author":[{"embeddable":true,"href":"https:\/\/www.sudoestehoje.com.br\/novoportal\/wp-json\/wp\/v2\/users\/2"}],"replies":[{"embeddable":true,"href":"https:\/\/www.sudoestehoje.com.br\/novoportal\/wp-json\/wp\/v2\/comments?post=110407"}],"version-history":[{"count":6,"href":"https:\/\/www.sudoestehoje.com.br\/novoportal\/wp-json\/wp\/v2\/posts\/110407\/revisions"}],"predecessor-version":[{"id":110414,"href":"https:\/\/www.sudoestehoje.com.br\/novoportal\/wp-json\/wp\/v2\/posts\/110407\/revisions\/110414"}],"wp:featuredmedia":[{"embeddable":true,"href":"https:\/\/www.sudoestehoje.com.br\/novoportal\/wp-json\/wp\/v2\/media\/110411"}],"wp:attachment":[{"href":"https:\/\/www.sudoestehoje.com.br\/novoportal\/wp-json\/wp\/v2\/media?parent=110407"}],"wp:term":[{"taxonomy":"category","embeddable":true,"href":"https:\/\/www.sudoestehoje.com.br\/novoportal\/wp-json\/wp\/v2\/categories?post=110407"},{"taxonomy":"post_tag","embeddable":true,"href":"https:\/\/www.sudoestehoje.com.br\/novoportal\/wp-json\/wp\/v2\/tags?post=110407"}],"curies":[{"name":"wp","href":"https:\/\/api.w.org\/{rel}","templated":true}]}}