
{"id":110403,"date":"2023-06-10T19:14:43","date_gmt":"2023-06-10T22:14:43","guid":{"rendered":"https:\/\/www.sudoestehoje.com.br\/novoportal\/?p=110403"},"modified":"2023-06-10T19:14:43","modified_gmt":"2023-06-10T22:14:43","slug":"passageira-de-voo-para-vitoria-da-conquista-e-presa-por-agredir-comissaria-de-bordo","status":"publish","type":"post","link":"https:\/\/www.sudoestehoje.com.br\/novoportal\/2023\/06\/10\/passageira-de-voo-para-vitoria-da-conquista-e-presa-por-agredir-comissaria-de-bordo\/","title":{"rendered":"PASSAGEIRA DE VOO PARA VIT\u00d3RIA DA CONQUISTA \u00c9 PRESA POR AGREDIR COMISS\u00c1RIA DE BORDO"},"content":{"rendered":"<p><a href=\"https:\/\/www.sudoestehoje.com.br\/novoportal\/wp-content\/uploads\/2023\/06\/IMAGEM_NOTICIA_5-1.webp\"><img loading=\"lazy\" decoding=\"async\" class=\"aligncenter  wp-image-110404\" src=\"https:\/\/www.sudoestehoje.com.br\/novoportal\/wp-content\/uploads\/2023\/06\/IMAGEM_NOTICIA_5-1.webp\" alt=\"\" width=\"550\" height=\"350\" \/><\/a><\/p>\n<p><strong>Uma passageira de um voo com destino a Vit\u00f3ria da Conquista, no Sudoeste, foi detida ap\u00f3s agredir uma comiss\u00e1ria de bordo. Segundo o\u00a0<a href=\"https:\/\/www.blogdoanderson.com\/2023\/06\/10\/voo-la3238-passageiro-que-vinha-para-vitoria-da-conquista-e-detido-apos-agredir-comissaria\/\" target=\"_blank\" rel=\"noopener\">Blog do Anderson<\/a>, o fato ocorreu no in\u00edcio da tarde deste s\u00e1bado (10) no Aeroporto Internacional de Guarulhos, em S\u00e3o Paulo.<\/strong><\/p>\n<p><strong>A aeronave se preparara para decolar quando o comandante do voo LA3238 da Latam anunciou o imprevisto. A aterrisagem na cidade baiana deve sofrer atraso. Inicialmente, estava previsto para ocorrer por volta das 14h. N\u00e3o h\u00e1 mais informa\u00e7\u00f5es sobre a situa\u00e7\u00e3o da comiss\u00e1ria agredida nem da agressora.<\/strong><\/p>\n<p><strong>Ainda segundo o blog, o forrozeiro Waldonys est\u00e1 entre os passageiros do voo, uma vez que ele deve se apresentar em uma festa da cidade neste s\u00e1bado.\u00a0<\/strong><\/p>\n","protected":false},"excerpt":{"rendered":"<p>Uma passageira de um voo com destino a Vit\u00f3ria da Conquista, no Sudoeste, foi detida ap\u00f3s agredir uma comiss\u00e1ria de bordo. Segundo o\u00a0Blog do Anderson, o fato ocorreu no in\u00edcio da tarde deste s\u00e1bado (10) no Aeroporto Internacional de Guarulhos, em S\u00e3o Paulo. A aeronave se preparara para decolar quando o comandante do voo LA3238 [&hellip;]<\/p>\n","protected":false},"author":2,"featured_media":110404,"comment_status":"closed","ping_status":"open","sticky":false,"template":"","format":"standard","meta":{"footnotes":"","_links_to":"","_links_to_target":""},"categories":[1],"tags":[],"class_list":["post-110403","post","type-post","status-publish","format-standard","has-post-thumbnail","hentry","category-geral"],"views":1011,"_links":{"self":[{"href":"https:\/\/www.sudoestehoje.com.br\/novoportal\/wp-json\/wp\/v2\/posts\/110403","targetHints":{"allow":["GET"]}}],"collection":[{"href":"https:\/\/www.sudoestehoje.com.br\/novoportal\/wp-json\/wp\/v2\/posts"}],"about":[{"href":"https:\/\/www.sudoestehoje.com.br\/novoportal\/wp-json\/wp\/v2\/types\/post"}],"author":[{"embeddable":true,"href":"https:\/\/www.sudoestehoje.com.br\/novoportal\/wp-json\/wp\/v2\/users\/2"}],"replies":[{"embeddable":true,"href":"https:\/\/www.sudoestehoje.com.br\/novoportal\/wp-json\/wp\/v2\/comments?post=110403"}],"version-history":[{"count":2,"href":"https:\/\/www.sudoestehoje.com.br\/novoportal\/wp-json\/wp\/v2\/posts\/110403\/revisions"}],"predecessor-version":[{"id":110406,"href":"https:\/\/www.sudoestehoje.com.br\/novoportal\/wp-json\/wp\/v2\/posts\/110403\/revisions\/110406"}],"wp:featuredmedia":[{"embeddable":true,"href":"https:\/\/www.sudoestehoje.com.br\/novoportal\/wp-json\/wp\/v2\/media\/110404"}],"wp:attachment":[{"href":"https:\/\/www.sudoestehoje.com.br\/novoportal\/wp-json\/wp\/v2\/media?parent=110403"}],"wp:term":[{"taxonomy":"category","embeddable":true,"href":"https:\/\/www.sudoestehoje.com.br\/novoportal\/wp-json\/wp\/v2\/categories?post=110403"},{"taxonomy":"post_tag","embeddable":true,"href":"https:\/\/www.sudoestehoje.com.br\/novoportal\/wp-json\/wp\/v2\/tags?post=110403"}],"curies":[{"name":"wp","href":"https:\/\/api.w.org\/{rel}","templated":true}]}}