
{"id":110398,"date":"2023-06-10T19:05:41","date_gmt":"2023-06-10T22:05:41","guid":{"rendered":"https:\/\/www.sudoestehoje.com.br\/novoportal\/?p=110398"},"modified":"2023-06-10T19:05:41","modified_gmt":"2023-06-10T22:05:41","slug":"onibus-que-transportava-comerciantes-pega-fogo-no-nordeste-da-bahia","status":"publish","type":"post","link":"https:\/\/www.sudoestehoje.com.br\/novoportal\/2023\/06\/10\/onibus-que-transportava-comerciantes-pega-fogo-no-nordeste-da-bahia\/","title":{"rendered":"\u00d4NIBUS QUE TRANSPORTAVA COMERCIANTES PEGA FOGO NO NORDESTE DA BAHIA"},"content":{"rendered":"<p><a href=\"https:\/\/www.sudoestehoje.com.br\/novoportal\/wp-content\/uploads\/2023\/06\/IMAGEM_NOTICIA_5.webp\"><img loading=\"lazy\" decoding=\"async\" class=\"aligncenter  wp-image-110400\" src=\"https:\/\/www.sudoestehoje.com.br\/novoportal\/wp-content\/uploads\/2023\/06\/IMAGEM_NOTICIA_5.webp\" alt=\"\" width=\"550\" height=\"350\" \/><\/a><\/p>\n<p><strong>Um \u00f4nibus de turismo pegou fogo na madrugada deste s\u00e1bado (10) quando trafegava por um trecho da BR-110 entre os munic\u00edpios de Antas e C\u00edcero Dantas, no Nordeste baiano. Segundo informa\u00e7\u00f5es, o ve\u00edculo tinha sa\u00eddo de Caruaru, em Pernambuco, e levava comerciantes para Salvador.<\/strong><\/p>\n<p><strong>Os 44 passageiros e o motorista conseguiram sair ilesos do ve\u00edculo. Eles ainda tiveram tempo de abrir o compartimento de bagagens e retirar uma parte dos pertencentes antes de o ve\u00edculo ser tomado pelo fogo. Ao final, o \u00f4nibus ficou completamente destru\u00eddo pelas chamas, o que consumiu tamb\u00e9m mercadorias.<\/strong><\/p>\n<p><a href=\"https:\/\/www.sudoestehoje.com.br\/novoportal\/wp-content\/uploads\/2023\/06\/mercadoria-fogo-1-jpeg.jpg\"><img loading=\"lazy\" decoding=\"async\" class=\"aligncenter  wp-image-110401\" src=\"https:\/\/www.sudoestehoje.com.br\/novoportal\/wp-content\/uploads\/2023\/06\/mercadoria-fogo-1-jpeg-600x450.jpg\" alt=\"\" width=\"551\" height=\"413\" srcset=\"https:\/\/www.sudoestehoje.com.br\/novoportal\/wp-content\/uploads\/2023\/06\/mercadoria-fogo-1-jpeg-600x450.jpg 600w, https:\/\/www.sudoestehoje.com.br\/novoportal\/wp-content\/uploads\/2023\/06\/mercadoria-fogo-1-jpeg-700x525.jpg 700w, https:\/\/www.sudoestehoje.com.br\/novoportal\/wp-content\/uploads\/2023\/06\/mercadoria-fogo-1-jpeg-768x576.jpg 768w, https:\/\/www.sudoestehoje.com.br\/novoportal\/wp-content\/uploads\/2023\/06\/mercadoria-fogo-1-jpeg.jpg 1024w\" sizes=\"auto, (max-width: 551px) 100vw, 551px\" \/><\/a><\/p>\n<p><strong>A suspeita \u00e9 que o inc\u00eandio tem come\u00e7ado pelo motor que fica no fundo do \u00f4nibus, de dois andares. Ainda segundo informa\u00e7\u00f5es, a empresa respons\u00e1vel pelo ve\u00edculo, a SD Tour, informou que j\u00e1 havia providenciado dois \u00f4nibus para continuar a viagem com os passageiros.\u00a0<\/strong><\/p>\n","protected":false},"excerpt":{"rendered":"<p>Um \u00f4nibus de turismo pegou fogo na madrugada deste s\u00e1bado (10) quando trafegava por um trecho da BR-110 entre os munic\u00edpios de Antas e C\u00edcero Dantas, no Nordeste baiano. Segundo informa\u00e7\u00f5es, o ve\u00edculo tinha sa\u00eddo de Caruaru, em Pernambuco, e levava comerciantes para Salvador. Os 44 passageiros e o motorista conseguiram sair ilesos do ve\u00edculo. [&hellip;]<\/p>\n","protected":false},"author":2,"featured_media":110400,"comment_status":"closed","ping_status":"open","sticky":false,"template":"","format":"standard","meta":{"footnotes":"","_links_to":"","_links_to_target":""},"categories":[1],"tags":[],"class_list":["post-110398","post","type-post","status-publish","format-standard","has-post-thumbnail","hentry","category-geral"],"views":1169,"_links":{"self":[{"href":"https:\/\/www.sudoestehoje.com.br\/novoportal\/wp-json\/wp\/v2\/posts\/110398","targetHints":{"allow":["GET"]}}],"collection":[{"href":"https:\/\/www.sudoestehoje.com.br\/novoportal\/wp-json\/wp\/v2\/posts"}],"about":[{"href":"https:\/\/www.sudoestehoje.com.br\/novoportal\/wp-json\/wp\/v2\/types\/post"}],"author":[{"embeddable":true,"href":"https:\/\/www.sudoestehoje.com.br\/novoportal\/wp-json\/wp\/v2\/users\/2"}],"replies":[{"embeddable":true,"href":"https:\/\/www.sudoestehoje.com.br\/novoportal\/wp-json\/wp\/v2\/comments?post=110398"}],"version-history":[{"count":2,"href":"https:\/\/www.sudoestehoje.com.br\/novoportal\/wp-json\/wp\/v2\/posts\/110398\/revisions"}],"predecessor-version":[{"id":110402,"href":"https:\/\/www.sudoestehoje.com.br\/novoportal\/wp-json\/wp\/v2\/posts\/110398\/revisions\/110402"}],"wp:featuredmedia":[{"embeddable":true,"href":"https:\/\/www.sudoestehoje.com.br\/novoportal\/wp-json\/wp\/v2\/media\/110400"}],"wp:attachment":[{"href":"https:\/\/www.sudoestehoje.com.br\/novoportal\/wp-json\/wp\/v2\/media?parent=110398"}],"wp:term":[{"taxonomy":"category","embeddable":true,"href":"https:\/\/www.sudoestehoje.com.br\/novoportal\/wp-json\/wp\/v2\/categories?post=110398"},{"taxonomy":"post_tag","embeddable":true,"href":"https:\/\/www.sudoestehoje.com.br\/novoportal\/wp-json\/wp\/v2\/tags?post=110398"}],"curies":[{"name":"wp","href":"https:\/\/api.w.org\/{rel}","templated":true}]}}