
{"id":110395,"date":"2023-06-10T18:49:55","date_gmt":"2023-06-10T21:49:55","guid":{"rendered":"https:\/\/www.sudoestehoje.com.br\/novoportal\/?p=110395"},"modified":"2023-06-10T18:49:55","modified_gmt":"2023-06-10T21:49:55","slug":"tres-pessoas-morrem-apos-ambulancia-se-chocar-de-frente-com-onibus-na-bahia","status":"publish","type":"post","link":"https:\/\/www.sudoestehoje.com.br\/novoportal\/2023\/06\/10\/tres-pessoas-morrem-apos-ambulancia-se-chocar-de-frente-com-onibus-na-bahia\/","title":{"rendered":"TR\u00caS PESSOAS MORREM AP\u00d3S AMBUL\u00c2NCIA SE CHOCAR DE FRENTE COM \u00d4NIBUS NA BAHIA"},"content":{"rendered":"<div id=\"chunk-evtlt\">\n<div class=\"mc-column content-text active-extra-styles \" data-block-type=\"unstyled\" data-block-weight=\"33\" data-block-id=\"3\">\n<p data-track-category=\"Link no Texto\" data-track-links=\"\"><a href=\"https:\/\/www.sudoestehoje.com.br\/novoportal\/wp-content\/uploads\/2023\/06\/whatsapp-image-2023-06-10-at-10.15.02.webp\"><img loading=\"lazy\" decoding=\"async\" class=\"aligncenter size-medium wp-image-110396\" src=\"https:\/\/www.sudoestehoje.com.br\/novoportal\/wp-content\/uploads\/2023\/06\/whatsapp-image-2023-06-10-at-10.15.02-600x449.webp\" alt=\"\" width=\"600\" height=\"449\" srcset=\"https:\/\/www.sudoestehoje.com.br\/novoportal\/wp-content\/uploads\/2023\/06\/whatsapp-image-2023-06-10-at-10.15.02-600x449.webp 600w, https:\/\/www.sudoestehoje.com.br\/novoportal\/wp-content\/uploads\/2023\/06\/whatsapp-image-2023-06-10-at-10.15.02-700x524.webp 700w, https:\/\/www.sudoestehoje.com.br\/novoportal\/wp-content\/uploads\/2023\/06\/whatsapp-image-2023-06-10-at-10.15.02-768x574.webp 768w, https:\/\/www.sudoestehoje.com.br\/novoportal\/wp-content\/uploads\/2023\/06\/whatsapp-image-2023-06-10-at-10.15.02.webp 984w\" sizes=\"auto, (max-width: 600px) 100vw, 600px\" \/><\/a><\/p>\n<p class=\"content-text__container \" data-track-category=\"Link no Texto\" data-track-links=\"\"><strong>Tr\u00eas pessoas morreram, na tarde de sexta-feira (9), em um acidente entre um \u00f4nibus, um carro e uma ambul\u00e2ncia na BA-617, entre as cidades de\u00a0<a class=\"\" href=\"https:\/\/g1.globo.com\/ba\/bahia\/cidade\/cacule\/\">Cacul\u00e9<\/a>\u00a0e\u00a0<a class=\"\" href=\"https:\/\/g1.globo.com\/ba\/bahia\/cidade\/ibiassuce\/\">Ibiassuc\u00ea<\/a>, no sudoeste da Bahia.<\/strong><\/p>\n<\/div>\n<\/div>\n<div class=\"wall protected-content\">\n<div id=\"chunk-5v97l\">\n<div class=\"mc-column content-text active-extra-styles \" data-block-type=\"unstyled\" data-block-weight=\"34\" data-block-id=\"4\">\n<p class=\"content-text__container \" data-track-category=\"Link no Texto\" data-track-links=\"\"><strong>De acordo com a pol\u00edcia, a colis\u00e3o aconteceu ap\u00f3s o motorista da ambul\u00e2ncia desviar do carro, que estava parado na rodovia em uma troca de pneus, e bater de frente com o coletivo.<\/strong><\/p>\n<\/div>\n<\/div>\n<div id=\"chunk-e62c3\">\n<div class=\"mc-column content-text active-extra-styles \" data-block-type=\"unstyled\" data-block-weight=\"36\" data-block-id=\"5\">\n<p class=\"content-text__container \" data-track-category=\"Link no Texto\" data-track-links=\"\"><strong>As v\u00edtimas foram identificadas como Ant\u00f4nio Martins Rocha, 64 anos, que conduzia a ambul\u00e2ncia, e os dois pacientes no ve\u00edculo: Claudevina Batista Carvalho, 74 anos, e Nezilio Soares Santana, 93 anos. Todos morreram no local.<\/strong><\/p>\n<div id=\"chunk-uqs5\">\n<div class=\"mc-column content-text active-extra-styles \" data-block-type=\"unstyled\" data-block-weight=\"35\" data-block-id=\"7\">\n<p class=\"content-text__container \" data-track-category=\"Link no Texto\" data-track-links=\"\"><strong>O local foi isolado at\u00e9 a chegada do Departamento de Pol\u00edcia T\u00e9cnica (DPT) para a remo\u00e7\u00e3o do corpos. Todas as v\u00edtimas residiam na cidade de Lic\u00ednio de Almeida, tamb\u00e9m no sudoeste da Bahia.<\/strong><\/p>\n<\/div>\n<\/div>\n<div id=\"chunk-2plad\">\n<div class=\"mc-column content-text active-extra-styles \" data-block-type=\"unstyled\" data-block-weight=\"41\" data-block-id=\"8\">\n<p class=\"content-text__container \" data-track-category=\"Link no Texto\" data-track-links=\"\"><strong>Neste s\u00e1bado (10), a Prefeitura de Lic\u00ednio de Almeida decretou luto de tr\u00eas dias por conta das mortes. O decreto refor\u00e7a os &#8220;inestim\u00e1veis trabalhos&#8221; do motorista da ambul\u00e2ncia, classificado como profissional de &#8220;alto grau de qualidade na presta\u00e7\u00e3o de servi\u00e7os&#8221;.<\/strong><\/p>\n<\/div>\n<\/div>\n<div id=\"chunk-ekbv6\">\n<div class=\"mc-column content-text active-extra-styles \" data-block-type=\"unstyled\" data-block-weight=\"17\" data-block-id=\"9\">\n<p class=\"content-text__container \" data-track-category=\"Link no Texto\" data-track-links=\"\"><strong>A Pol\u00edcia Civil confirmou que foram expedidas guias para o trabalho do Departamento de Pol\u00edcia T\u00e9cnica.<\/strong><\/p>\n<\/div>\n<\/div>\n<\/div>\n<\/div>\n<\/div>\n","protected":false},"excerpt":{"rendered":"<p>Tr\u00eas pessoas morreram, na tarde de sexta-feira (9), em um acidente entre um \u00f4nibus, um carro e uma ambul\u00e2ncia na BA-617, entre as cidades de\u00a0Cacul\u00e9\u00a0e\u00a0Ibiassuc\u00ea, no sudoeste da Bahia. De acordo com a pol\u00edcia, a colis\u00e3o aconteceu ap\u00f3s o motorista da ambul\u00e2ncia desviar do carro, que estava parado na rodovia em uma troca de pneus, [&hellip;]<\/p>\n","protected":false},"author":2,"featured_media":110396,"comment_status":"closed","ping_status":"open","sticky":false,"template":"","format":"standard","meta":{"footnotes":"","_links_to":"","_links_to_target":""},"categories":[1],"tags":[],"class_list":["post-110395","post","type-post","status-publish","format-standard","has-post-thumbnail","hentry","category-geral"],"views":1508,"_links":{"self":[{"href":"https:\/\/www.sudoestehoje.com.br\/novoportal\/wp-json\/wp\/v2\/posts\/110395","targetHints":{"allow":["GET"]}}],"collection":[{"href":"https:\/\/www.sudoestehoje.com.br\/novoportal\/wp-json\/wp\/v2\/posts"}],"about":[{"href":"https:\/\/www.sudoestehoje.com.br\/novoportal\/wp-json\/wp\/v2\/types\/post"}],"author":[{"embeddable":true,"href":"https:\/\/www.sudoestehoje.com.br\/novoportal\/wp-json\/wp\/v2\/users\/2"}],"replies":[{"embeddable":true,"href":"https:\/\/www.sudoestehoje.com.br\/novoportal\/wp-json\/wp\/v2\/comments?post=110395"}],"version-history":[{"count":1,"href":"https:\/\/www.sudoestehoje.com.br\/novoportal\/wp-json\/wp\/v2\/posts\/110395\/revisions"}],"predecessor-version":[{"id":110397,"href":"https:\/\/www.sudoestehoje.com.br\/novoportal\/wp-json\/wp\/v2\/posts\/110395\/revisions\/110397"}],"wp:featuredmedia":[{"embeddable":true,"href":"https:\/\/www.sudoestehoje.com.br\/novoportal\/wp-json\/wp\/v2\/media\/110396"}],"wp:attachment":[{"href":"https:\/\/www.sudoestehoje.com.br\/novoportal\/wp-json\/wp\/v2\/media?parent=110395"}],"wp:term":[{"taxonomy":"category","embeddable":true,"href":"https:\/\/www.sudoestehoje.com.br\/novoportal\/wp-json\/wp\/v2\/categories?post=110395"},{"taxonomy":"post_tag","embeddable":true,"href":"https:\/\/www.sudoestehoje.com.br\/novoportal\/wp-json\/wp\/v2\/tags?post=110395"}],"curies":[{"name":"wp","href":"https:\/\/api.w.org\/{rel}","templated":true}]}}