
{"id":110383,"date":"2023-06-09T20:06:16","date_gmt":"2023-06-09T23:06:16","guid":{"rendered":"https:\/\/www.sudoestehoje.com.br\/novoportal\/?p=110383"},"modified":"2023-06-09T21:54:01","modified_gmt":"2023-06-10T00:54:01","slug":"urgente-acidente-grave-acaba-de-acontecer-entre-itororo-e-rio-do-meio","status":"publish","type":"post","link":"https:\/\/www.sudoestehoje.com.br\/novoportal\/2023\/06\/09\/urgente-acidente-grave-acaba-de-acontecer-entre-itororo-e-rio-do-meio\/","title":{"rendered":"URGENTE | ACIDENTE GRAVE ACABA DE ACONTECER ENTRE ITOROR\u00d3 E RIO DO MEIO"},"content":{"rendered":"<p><a href=\"https:\/\/www.sudoestehoje.com.br\/novoportal\/wp-content\/uploads\/2023\/06\/80407684-8839-49cb-ac27-77a934272b31.jpg\"><img loading=\"lazy\" decoding=\"async\" class=\"aligncenter wp-image-110384\" src=\"https:\/\/www.sudoestehoje.com.br\/novoportal\/wp-content\/uploads\/2023\/06\/80407684-8839-49cb-ac27-77a934272b31-600x381.jpg\" alt=\"\" width=\"550\" height=\"349\" srcset=\"https:\/\/www.sudoestehoje.com.br\/novoportal\/wp-content\/uploads\/2023\/06\/80407684-8839-49cb-ac27-77a934272b31-600x381.jpg 600w, https:\/\/www.sudoestehoje.com.br\/novoportal\/wp-content\/uploads\/2023\/06\/80407684-8839-49cb-ac27-77a934272b31-700x445.jpg 700w, https:\/\/www.sudoestehoje.com.br\/novoportal\/wp-content\/uploads\/2023\/06\/80407684-8839-49cb-ac27-77a934272b31-768x488.jpg 768w, https:\/\/www.sudoestehoje.com.br\/novoportal\/wp-content\/uploads\/2023\/06\/80407684-8839-49cb-ac27-77a934272b31.jpg 947w\" sizes=\"auto, (max-width: 550px) 100vw, 550px\" \/><\/a><\/p>\n<p><strong>Um grave acidente entre uma caminhonete e um autom\u00f3vel acaba de ocorrer nas BA-263, no trecho entre a cidade de Itoror\u00f3 e o distrito de Rio do Meio, no mesmo munic\u00edpio.<\/strong><\/p>\n<p><strong> Pelas imagens postadas nas redes sociais, a possibilidade de v\u00edtimas fatais \u00e9 muito grande, mas ainda n\u00e3o foi relatado nenhum caso.\u00a0<\/strong><\/p>\n<p><strong>CASAL DE ITOROR\u00d3<\/strong><\/p>\n<p><a href=\"https:\/\/www.sudoestehoje.com.br\/novoportal\/wp-content\/uploads\/2023\/06\/PhotoGrid_Site_1686353831772_iIgkSZtf1i-1.jpeg\"><img loading=\"lazy\" decoding=\"async\" class=\"aligncenter  wp-image-110389\" src=\"https:\/\/www.sudoestehoje.com.br\/novoportal\/wp-content\/uploads\/2023\/06\/PhotoGrid_Site_1686353831772_iIgkSZtf1i-1-600x489.jpeg\" alt=\"\" width=\"550\" height=\"448\" srcset=\"https:\/\/www.sudoestehoje.com.br\/novoportal\/wp-content\/uploads\/2023\/06\/PhotoGrid_Site_1686353831772_iIgkSZtf1i-1-600x489.jpeg 600w, https:\/\/www.sudoestehoje.com.br\/novoportal\/wp-content\/uploads\/2023\/06\/PhotoGrid_Site_1686353831772_iIgkSZtf1i-1.jpeg 637w\" sizes=\"auto, (max-width: 550px) 100vw, 550px\" \/><\/a><\/p>\n<p><strong>Em um dos ve\u00edculos envolvidos no acidente, estava o casal de comerciantes de Itoror\u00f3, S\u00e9rgio Murilo Santos e sua esposa Talia Pereira, que ficaram pesos \u00e0s ferragens, com muitos ferimentos, aguardando regula\u00e7\u00e3o para atendimento em hospital especializado.<\/strong><\/p>\n<p><a href=\"https:\/\/www.sudoestehoje.com.br\/novoportal\/wp-content\/uploads\/2023\/06\/WhatsApp-Image-2023-06-09-at-19.22.48.jpeg\"><img loading=\"lazy\" decoding=\"async\" class=\"aligncenter  wp-image-110385\" src=\"https:\/\/www.sudoestehoje.com.br\/novoportal\/wp-content\/uploads\/2023\/06\/WhatsApp-Image-2023-06-09-at-19.22.48-600x449.jpeg\" alt=\"\" width=\"551\" height=\"412\" srcset=\"https:\/\/www.sudoestehoje.com.br\/novoportal\/wp-content\/uploads\/2023\/06\/WhatsApp-Image-2023-06-09-at-19.22.48-600x449.jpeg 600w, https:\/\/www.sudoestehoje.com.br\/novoportal\/wp-content\/uploads\/2023\/06\/WhatsApp-Image-2023-06-09-at-19.22.48-700x523.jpeg 700w, https:\/\/www.sudoestehoje.com.br\/novoportal\/wp-content\/uploads\/2023\/06\/WhatsApp-Image-2023-06-09-at-19.22.48-768x574.jpeg 768w, https:\/\/www.sudoestehoje.com.br\/novoportal\/wp-content\/uploads\/2023\/06\/WhatsApp-Image-2023-06-09-at-19.22.48.jpeg 1280w\" sizes=\"auto, (max-width: 551px) 100vw, 551px\" \/><\/a><\/p>\n<p><strong>O atendimento foi feito pelos socorristas do SAMU-192.<\/strong><\/p>\n<p><strong>Reda\u00e7\u00e3o<\/strong><\/p>\n","protected":false},"excerpt":{"rendered":"<p>Um grave acidente entre uma caminhonete e um autom\u00f3vel acaba de ocorrer nas BA-263, no trecho entre a cidade de Itoror\u00f3 e o distrito de Rio do Meio, no mesmo munic\u00edpio. Pelas imagens postadas nas redes sociais, a possibilidade de v\u00edtimas fatais \u00e9 muito grande, mas ainda n\u00e3o foi relatado nenhum caso.\u00a0 CASAL DE ITOROR\u00d3 [&hellip;]<\/p>\n","protected":false},"author":2,"featured_media":110389,"comment_status":"closed","ping_status":"open","sticky":false,"template":"","format":"standard","meta":{"footnotes":"","_links_to":"","_links_to_target":""},"categories":[1],"tags":[],"class_list":["post-110383","post","type-post","status-publish","format-standard","has-post-thumbnail","hentry","category-geral"],"views":2369,"_links":{"self":[{"href":"https:\/\/www.sudoestehoje.com.br\/novoportal\/wp-json\/wp\/v2\/posts\/110383","targetHints":{"allow":["GET"]}}],"collection":[{"href":"https:\/\/www.sudoestehoje.com.br\/novoportal\/wp-json\/wp\/v2\/posts"}],"about":[{"href":"https:\/\/www.sudoestehoje.com.br\/novoportal\/wp-json\/wp\/v2\/types\/post"}],"author":[{"embeddable":true,"href":"https:\/\/www.sudoestehoje.com.br\/novoportal\/wp-json\/wp\/v2\/users\/2"}],"replies":[{"embeddable":true,"href":"https:\/\/www.sudoestehoje.com.br\/novoportal\/wp-json\/wp\/v2\/comments?post=110383"}],"version-history":[{"count":3,"href":"https:\/\/www.sudoestehoje.com.br\/novoportal\/wp-json\/wp\/v2\/posts\/110383\/revisions"}],"predecessor-version":[{"id":110390,"href":"https:\/\/www.sudoestehoje.com.br\/novoportal\/wp-json\/wp\/v2\/posts\/110383\/revisions\/110390"}],"wp:featuredmedia":[{"embeddable":true,"href":"https:\/\/www.sudoestehoje.com.br\/novoportal\/wp-json\/wp\/v2\/media\/110389"}],"wp:attachment":[{"href":"https:\/\/www.sudoestehoje.com.br\/novoportal\/wp-json\/wp\/v2\/media?parent=110383"}],"wp:term":[{"taxonomy":"category","embeddable":true,"href":"https:\/\/www.sudoestehoje.com.br\/novoportal\/wp-json\/wp\/v2\/categories?post=110383"},{"taxonomy":"post_tag","embeddable":true,"href":"https:\/\/www.sudoestehoje.com.br\/novoportal\/wp-json\/wp\/v2\/tags?post=110383"}],"curies":[{"name":"wp","href":"https:\/\/api.w.org\/{rel}","templated":true}]}}