
{"id":11038,"date":"2011-12-10T23:03:33","date_gmt":"2011-12-11T02:03:33","guid":{"rendered":"http:\/\/www.sudoestehoje.com.br\/novoportal\/?p=11038"},"modified":"2011-12-10T23:03:33","modified_gmt":"2011-12-11T02:03:33","slug":"arnaldo-teixeira-continua-com-as-visitas-aos-bairros","status":"publish","type":"post","link":"https:\/\/www.sudoestehoje.com.br\/novoportal\/2011\/12\/10\/arnaldo-teixeira-continua-com-as-visitas-aos-bairros\/","title":{"rendered":"ARNALDO TEIXEIRA CONTINUA COM AS VISITAS AOS BAIRROS"},"content":{"rendered":"<p><a href=\"http:\/\/www.sudoestehoje.com.br\/novoportal\/wp-content\/uploads\/2011\/12\/Rua-Rua-Itamirim-1.jpg\"><img loading=\"lazy\" decoding=\"async\" class=\"aligncenter size-medium wp-image-11039\" title=\"Rua Rua Itamirim 1\" src=\"http:\/\/www.sudoestehoje.com.br\/novoportal\/wp-content\/uploads\/2011\/12\/Rua-Rua-Itamirim-1-500x333.jpg\" alt=\"\" width=\"500\" height=\"333\" srcset=\"https:\/\/www.sudoestehoje.com.br\/novoportal\/wp-content\/uploads\/2011\/12\/Rua-Rua-Itamirim-1-500x333.jpg 500w, https:\/\/www.sudoestehoje.com.br\/novoportal\/wp-content\/uploads\/2011\/12\/Rua-Rua-Itamirim-1-1024x682.jpg 1024w\" sizes=\"auto, (max-width: 500px) 100vw, 500px\" \/><\/a><\/p>\n<p style=\"text-align: center;\"><em><strong>Dr. Arnaldo em reuni\u00e3o com moradores da Rua Itamirim, na Vila Isabel<\/strong><\/em><\/p>\n<p>ITAPETINGA: Na ter\u00e7a-feira passada (29\/11) foi a vez da Vila Santana receber a visita do Dr. Arnaldo Teixeira, onde os moradores poder\u00e3o ouvir as proposta do pr\u00e9-candidato e expressar a suas insatisfa\u00e7\u00f5es com a atual gest\u00e3o. Na quinta-feira (01\/12) o Dr. Arnaldo esteve na Rua Itamirim, na Vila Isabel, que contou com um grande numero de pessoas, que foram demonstrar o seu apoio a sua pr\u00e9-candidatura. Na segunda-feira (05\/12), como acontece todas as semanas, a reuni\u00e3o foi em sua resid\u00eancia. Nessa reuni\u00e3o semanal o que impressiona \u00e9 o numero de caras novas que comparecem para dar o seu apoio ao Dr. Arnaldo.<\/p>\n<p><strong><em>Ass. Imprensa Arnaldo Teixeira<\/em><\/strong><\/p>\n","protected":false},"excerpt":{"rendered":"<p>Dr. Arnaldo em reuni\u00e3o com moradores da Rua Itamirim, na Vila Isabel ITAPETINGA: Na ter\u00e7a-feira passada (29\/11) foi a vez da Vila Santana receber a visita do Dr. Arnaldo Teixeira, onde os moradores poder\u00e3o ouvir as proposta do pr\u00e9-candidato e expressar a suas insatisfa\u00e7\u00f5es com a atual gest\u00e3o. Na quinta-feira (01\/12) o Dr. Arnaldo esteve [&hellip;]<\/p>\n","protected":false},"author":2,"featured_media":0,"comment_status":"open","ping_status":"open","sticky":false,"template":"","format":"standard","meta":{"footnotes":"","_links_to":"","_links_to_target":""},"categories":[1],"tags":[],"class_list":["post-11038","post","type-post","status-publish","format-standard","hentry","category-geral"],"views":1186,"_links":{"self":[{"href":"https:\/\/www.sudoestehoje.com.br\/novoportal\/wp-json\/wp\/v2\/posts\/11038","targetHints":{"allow":["GET"]}}],"collection":[{"href":"https:\/\/www.sudoestehoje.com.br\/novoportal\/wp-json\/wp\/v2\/posts"}],"about":[{"href":"https:\/\/www.sudoestehoje.com.br\/novoportal\/wp-json\/wp\/v2\/types\/post"}],"author":[{"embeddable":true,"href":"https:\/\/www.sudoestehoje.com.br\/novoportal\/wp-json\/wp\/v2\/users\/2"}],"replies":[{"embeddable":true,"href":"https:\/\/www.sudoestehoje.com.br\/novoportal\/wp-json\/wp\/v2\/comments?post=11038"}],"version-history":[{"count":3,"href":"https:\/\/www.sudoestehoje.com.br\/novoportal\/wp-json\/wp\/v2\/posts\/11038\/revisions"}],"predecessor-version":[{"id":11042,"href":"https:\/\/www.sudoestehoje.com.br\/novoportal\/wp-json\/wp\/v2\/posts\/11038\/revisions\/11042"}],"wp:attachment":[{"href":"https:\/\/www.sudoestehoje.com.br\/novoportal\/wp-json\/wp\/v2\/media?parent=11038"}],"wp:term":[{"taxonomy":"category","embeddable":true,"href":"https:\/\/www.sudoestehoje.com.br\/novoportal\/wp-json\/wp\/v2\/categories?post=11038"},{"taxonomy":"post_tag","embeddable":true,"href":"https:\/\/www.sudoestehoje.com.br\/novoportal\/wp-json\/wp\/v2\/tags?post=11038"}],"curies":[{"name":"wp","href":"https:\/\/api.w.org\/{rel}","templated":true}]}}