
{"id":110377,"date":"2023-06-09T19:06:06","date_gmt":"2023-06-09T22:06:06","guid":{"rendered":"https:\/\/www.sudoestehoje.com.br\/novoportal\/?p=110377"},"modified":"2023-06-09T19:06:06","modified_gmt":"2023-06-09T22:06:06","slug":"politica-base-governista-frita-rui-costa-afirma-colunista","status":"publish","type":"post","link":"https:\/\/www.sudoestehoje.com.br\/novoportal\/2023\/06\/09\/politica-base-governista-frita-rui-costa-afirma-colunista\/","title":{"rendered":"POL\u00cdTICA | BASE GOVERNISTA FRITA RUI COSTA, AFIRMA COLUNISTA"},"content":{"rendered":"<p><a href=\"https:\/\/www.sudoestehoje.com.br\/novoportal\/wp-content\/uploads\/2023\/06\/aRuiCosta.jpg\"><img loading=\"lazy\" decoding=\"async\" class=\" wp-image-110379\" src=\"https:\/\/www.sudoestehoje.com.br\/novoportal\/wp-content\/uploads\/2023\/06\/aRuiCosta-600x359.jpg\" alt=\"\" width=\"550\" height=\"329\" srcset=\"https:\/\/www.sudoestehoje.com.br\/novoportal\/wp-content\/uploads\/2023\/06\/aRuiCosta-600x359.jpg 600w, https:\/\/www.sudoestehoje.com.br\/novoportal\/wp-content\/uploads\/2023\/06\/aRuiCosta.jpg 700w\" sizes=\"auto, (max-width: 550px) 100vw, 550px\" \/><\/a><\/p>\n<p><strong>A base governista aumentou a fritura do ministro Rui Costa (Casa Civil) e at\u00e9 fomentam movimento pela troca do ministro ap\u00f3s a desastrosa fala em que ele atacou Bras\u00edlia e os brasilienses. Lula tamb\u00e9m pediu uma avalia\u00e7\u00e3o do presidente da C\u00e2mara, Arthur Lira, sobre a articula\u00e7\u00e3o na Casa. Ouviu queixas sobre a atua\u00e7\u00e3o da Casa Civil e at\u00e9 um al\u00edvio na barra de Alexandre Padilha (Rela\u00e7\u00f5es Institucionais). Na C\u00e2mara e no Senado, a conclus\u00e3o levada a Lula \u00e9 que falta tinta na caneta de Padilha.<\/strong><\/p>\n<p><strong>Na coluno do jornalista Cla\u00fadio Humberto, Rui Costa \u00e9 apontado como \u201ctrava\u201d nas nomea\u00e7\u00f5es e libera\u00e7\u00e3o das emendas parlamentares, o que minou a articula\u00e7\u00e3o pol\u00edtica. A demora nas nomea\u00e7\u00f5es \u00e9 atribu\u00edda a Rui Costa e a presidente do PT, Gleisi Hoffmann, que puxam toda a fixa e avaliam os indicados.<\/strong><\/p>\n<p><strong>S\u00e3o atribu\u00eddos a Padilha os encontros desta semana de Lula com l\u00edderes do Senado, e at\u00e9 opositores, no Pal\u00e1cio do Planalto.<\/strong><\/p>\n<p><strong>Tamb\u00e9m recai sobre o ministro das Rela\u00e7\u00f5es Institucionais o peso do \u201cbolo\u201d que l\u00edderes da C\u00e2mara deram em Lula. Faltou tato.<\/strong><\/p>\n<p><strong>O presidente Lula recorreu ao deputado Elmar Nascimento (BA) para tentar juntar os cacos da articula\u00e7\u00e3o pol\u00edtica na C\u00e2mara. Aliado de primeira hora do presidente da C\u00e2mara, Arthur Lira, Elmar \u00e9 l\u00edder do Uni\u00e3o Brasil, maior partido do bloc\u00e3o de 174 deputados, e tem sido principal voz na redistribui\u00e7\u00e3o dos minist\u00e9rios do partido, como a troca de Daniela Carneiro, do Turismo, pelo deputado Celso Sabino (PA).<\/strong><\/p>\n<p><strong>Elmar, n\u00e3o \u00e9 bem-quisto por Rui Costa, ex-governador baiano. Recebeu at\u00e9 promessa para pasta da Integra\u00e7\u00e3o. Foi queimado pelo PT da Bahia.<\/strong><\/p>\n<p><strong>Contra Rui Costa ainda tem a fatura da vota\u00e7\u00e3o atabalhoada do Marco do Saneamento, primeira grande derrota de Lula no Congresso.<\/strong><\/p>\n<p><strong>Lula se reuniu com Elmar fora da agenda. Ouviu demandas para acalmar o Uni\u00e3o, um dos maiores \u201ctraidores\u201d em vota\u00e7\u00f5es vitais ao governo.<\/strong><\/p>\n","protected":false},"excerpt":{"rendered":"<p>A base governista aumentou a fritura do ministro Rui Costa (Casa Civil) e at\u00e9 fomentam movimento pela troca do ministro ap\u00f3s a desastrosa fala em que ele atacou Bras\u00edlia e os brasilienses. Lula tamb\u00e9m pediu uma avalia\u00e7\u00e3o do presidente da C\u00e2mara, Arthur Lira, sobre a articula\u00e7\u00e3o na Casa. Ouviu queixas sobre a atua\u00e7\u00e3o da Casa [&hellip;]<\/p>\n","protected":false},"author":2,"featured_media":110379,"comment_status":"closed","ping_status":"open","sticky":false,"template":"","format":"standard","meta":{"footnotes":"","_links_to":"","_links_to_target":""},"categories":[1],"tags":[],"class_list":["post-110377","post","type-post","status-publish","format-standard","has-post-thumbnail","hentry","category-geral"],"views":783,"_links":{"self":[{"href":"https:\/\/www.sudoestehoje.com.br\/novoportal\/wp-json\/wp\/v2\/posts\/110377","targetHints":{"allow":["GET"]}}],"collection":[{"href":"https:\/\/www.sudoestehoje.com.br\/novoportal\/wp-json\/wp\/v2\/posts"}],"about":[{"href":"https:\/\/www.sudoestehoje.com.br\/novoportal\/wp-json\/wp\/v2\/types\/post"}],"author":[{"embeddable":true,"href":"https:\/\/www.sudoestehoje.com.br\/novoportal\/wp-json\/wp\/v2\/users\/2"}],"replies":[{"embeddable":true,"href":"https:\/\/www.sudoestehoje.com.br\/novoportal\/wp-json\/wp\/v2\/comments?post=110377"}],"version-history":[{"count":3,"href":"https:\/\/www.sudoestehoje.com.br\/novoportal\/wp-json\/wp\/v2\/posts\/110377\/revisions"}],"predecessor-version":[{"id":110381,"href":"https:\/\/www.sudoestehoje.com.br\/novoportal\/wp-json\/wp\/v2\/posts\/110377\/revisions\/110381"}],"wp:featuredmedia":[{"embeddable":true,"href":"https:\/\/www.sudoestehoje.com.br\/novoportal\/wp-json\/wp\/v2\/media\/110379"}],"wp:attachment":[{"href":"https:\/\/www.sudoestehoje.com.br\/novoportal\/wp-json\/wp\/v2\/media?parent=110377"}],"wp:term":[{"taxonomy":"category","embeddable":true,"href":"https:\/\/www.sudoestehoje.com.br\/novoportal\/wp-json\/wp\/v2\/categories?post=110377"},{"taxonomy":"post_tag","embeddable":true,"href":"https:\/\/www.sudoestehoje.com.br\/novoportal\/wp-json\/wp\/v2\/tags?post=110377"}],"curies":[{"name":"wp","href":"https:\/\/api.w.org\/{rel}","templated":true}]}}