
{"id":110373,"date":"2023-06-09T18:51:08","date_gmt":"2023-06-09T21:51:08","guid":{"rendered":"https:\/\/www.sudoestehoje.com.br\/novoportal\/?p=110373"},"modified":"2023-06-09T18:51:08","modified_gmt":"2023-06-09T21:51:08","slug":"politica-psd-trabalha-com-nome-de-antonio-brito-para-disputar-sucessao-de-lyra-na-presidencia-da-camara-em-2025","status":"publish","type":"post","link":"https:\/\/www.sudoestehoje.com.br\/novoportal\/2023\/06\/09\/politica-psd-trabalha-com-nome-de-antonio-brito-para-disputar-sucessao-de-lyra-na-presidencia-da-camara-em-2025\/","title":{"rendered":"POL\u00cdTICA | PSD TRABALHA COM NOME DE ANT\u00d4NIO BRITO PARA DISPUTAR SUCESS\u00c3O DE LYRA NA PRESID\u00caNCIA DA C\u00c2MARA EM 2025"},"content":{"rendered":"<p><a href=\"https:\/\/www.sudoestehoje.com.br\/novoportal\/wp-content\/uploads\/2023\/06\/deputado-antonio-brito-foto-divulgacao-arquivo-640x350-1.jpg\"><img loading=\"lazy\" decoding=\"async\" class=\"aligncenter  wp-image-110374\" src=\"https:\/\/www.sudoestehoje.com.br\/novoportal\/wp-content\/uploads\/2023\/06\/deputado-antonio-brito-foto-divulgacao-arquivo-640x350-1-600x328.jpg\" alt=\"\" width=\"551\" height=\"301\" srcset=\"https:\/\/www.sudoestehoje.com.br\/novoportal\/wp-content\/uploads\/2023\/06\/deputado-antonio-brito-foto-divulgacao-arquivo-640x350-1-600x328.jpg 600w, https:\/\/www.sudoestehoje.com.br\/novoportal\/wp-content\/uploads\/2023\/06\/deputado-antonio-brito-foto-divulgacao-arquivo-640x350-1.jpg 640w\" sizes=\"auto, (max-width: 551px) 100vw, 551px\" \/><\/a><\/p>\n<p><strong>O PSD j\u00e1 est\u00e1 preparando o terreno para as elei\u00e7\u00f5es \u00e0 presid\u00eancia da C\u00e2mara dos Deputados em 2025, quando Arthur Lira, atual presidente, n\u00e3o poder\u00e1 mais se reeleger. De acordo com informa\u00e7\u00f5es do site Metr\u00f3poles, o l\u00edder do PSD, Antonio Brito, \u00e9 visto como candidato natural a suceder Lira.<\/strong><\/p>\n<p><strong>Conforme a publica\u00e7\u00e3o, o partido \u00e9 mais pr\u00f3ximo do governo Lula do que o PP de Lira, com tr\u00eas minist\u00e9rios, e tem afinidade com as bancadas de esquerda, al\u00e9m de partidos de centro-direita, como PSDB, MDB e Cidadania.<\/strong><\/p>\n<p><strong>A aposta \u00e9 que, ao contr\u00e1rio da elei\u00e7\u00e3o deste ano, em que Lira foi praticamente candidato un\u00e2nime, a pr\u00f3xima elei\u00e7\u00e3o ser\u00e1 realmente disputada, com candidatos de v\u00e1rios partidos agregando apoio.<\/strong><\/p>\n<p><strong>Integrantes do PSD esperam que haver\u00e1 um enfraquecimento do grupo de Lira nos pr\u00f3ximos meses, o que favoreceria Brito. H\u00e1 dois motivos: o fim do or\u00e7amento secreto e as investiga\u00e7\u00f5es da Pol\u00edcia Federal (PF) que miram o entorno do presidente da C\u00e2mara. \/\/\u00a0Pol\u00edtica Livre<\/strong><\/p>\n","protected":false},"excerpt":{"rendered":"<p>O PSD j\u00e1 est\u00e1 preparando o terreno para as elei\u00e7\u00f5es \u00e0 presid\u00eancia da C\u00e2mara dos Deputados em 2025, quando Arthur Lira, atual presidente, n\u00e3o poder\u00e1 mais se reeleger. De acordo com informa\u00e7\u00f5es do site Metr\u00f3poles, o l\u00edder do PSD, Antonio Brito, \u00e9 visto como candidato natural a suceder Lira. Conforme a publica\u00e7\u00e3o, o partido \u00e9 [&hellip;]<\/p>\n","protected":false},"author":2,"featured_media":110374,"comment_status":"closed","ping_status":"open","sticky":false,"template":"","format":"standard","meta":{"footnotes":"","_links_to":"","_links_to_target":""},"categories":[1],"tags":[],"class_list":["post-110373","post","type-post","status-publish","format-standard","has-post-thumbnail","hentry","category-geral"],"views":569,"_links":{"self":[{"href":"https:\/\/www.sudoestehoje.com.br\/novoportal\/wp-json\/wp\/v2\/posts\/110373","targetHints":{"allow":["GET"]}}],"collection":[{"href":"https:\/\/www.sudoestehoje.com.br\/novoportal\/wp-json\/wp\/v2\/posts"}],"about":[{"href":"https:\/\/www.sudoestehoje.com.br\/novoportal\/wp-json\/wp\/v2\/types\/post"}],"author":[{"embeddable":true,"href":"https:\/\/www.sudoestehoje.com.br\/novoportal\/wp-json\/wp\/v2\/users\/2"}],"replies":[{"embeddable":true,"href":"https:\/\/www.sudoestehoje.com.br\/novoportal\/wp-json\/wp\/v2\/comments?post=110373"}],"version-history":[{"count":2,"href":"https:\/\/www.sudoestehoje.com.br\/novoportal\/wp-json\/wp\/v2\/posts\/110373\/revisions"}],"predecessor-version":[{"id":110376,"href":"https:\/\/www.sudoestehoje.com.br\/novoportal\/wp-json\/wp\/v2\/posts\/110373\/revisions\/110376"}],"wp:featuredmedia":[{"embeddable":true,"href":"https:\/\/www.sudoestehoje.com.br\/novoportal\/wp-json\/wp\/v2\/media\/110374"}],"wp:attachment":[{"href":"https:\/\/www.sudoestehoje.com.br\/novoportal\/wp-json\/wp\/v2\/media?parent=110373"}],"wp:term":[{"taxonomy":"category","embeddable":true,"href":"https:\/\/www.sudoestehoje.com.br\/novoportal\/wp-json\/wp\/v2\/categories?post=110373"},{"taxonomy":"post_tag","embeddable":true,"href":"https:\/\/www.sudoestehoje.com.br\/novoportal\/wp-json\/wp\/v2\/tags?post=110373"}],"curies":[{"name":"wp","href":"https:\/\/api.w.org\/{rel}","templated":true}]}}