
{"id":110365,"date":"2023-06-09T17:19:35","date_gmt":"2023-06-09T20:19:35","guid":{"rendered":"https:\/\/www.sudoestehoje.com.br\/novoportal\/?p=110365"},"modified":"2023-06-09T17:25:28","modified_gmt":"2023-06-09T20:25:28","slug":"caatiba-oficializa-data-dos-festejos-de-sao-joao-e-divulga-grade-de-shows","status":"publish","type":"post","link":"https:\/\/www.sudoestehoje.com.br\/novoportal\/2023\/06\/09\/caatiba-oficializa-data-dos-festejos-de-sao-joao-e-divulga-grade-de-shows\/","title":{"rendered":"CAATIBA OFICIALIZA DATA DOS FESTEJOS DE S\u00c3O JO\u00c3O E DIVULGA GRADE DE SHOWS"},"content":{"rendered":"<p><a href=\"https:\/\/www.sudoestehoje.com.br\/novoportal\/wp-content\/uploads\/2023\/06\/351341809_1418140495394980_1421926865598160182_n.jpg\"><img loading=\"lazy\" decoding=\"async\" class=\"aligncenter wp-image-110368\" src=\"https:\/\/www.sudoestehoje.com.br\/novoportal\/wp-content\/uploads\/2023\/06\/351341809_1418140495394980_1421926865598160182_n.jpg\" alt=\"\" width=\"550\" height=\"688\" \/><\/a><\/p>\n<p><strong>A Prefeitura de Caatiba oficializou os dias de realiza\u00e7\u00e3o dos festejos juninos de 2023 e divulgou a grade de shows com as atra\u00e7\u00f5es que far\u00e3o do S\u00e3o Jo\u00e3o do munic\u00edpio um dos melhores da regi\u00e3o.<\/strong><\/p>\n<p><strong>Nas redes sociais, a prefeita T\u00e2nia Ribeiro comemorou: \u201cA melhor \u00e9poca do ano chegou com aquele gostinho de expectativa de uma festa com muita divers\u00e3o e forr\u00f3. \u00c9 S\u00e3o Jo\u00e3o, \u00c9 Tradi\u00e7\u00e3o, \u00c9 forr\u00f3 do interior, \u00c9 Caatiba no clima junino!<\/strong><\/p>\n<p><strong>Convidamos todos para o S\u00e3o Jo\u00e3o 2023 em Caatiba! Aguardarmos por voc\u00eas!<\/strong><\/p>\n","protected":false},"excerpt":{"rendered":"<p>A Prefeitura de Caatiba oficializou os dias de realiza\u00e7\u00e3o dos festejos juninos de 2023 e divulgou a grade de shows com as atra\u00e7\u00f5es que far\u00e3o do S\u00e3o Jo\u00e3o do munic\u00edpio um dos melhores da regi\u00e3o. Nas redes sociais, a prefeita T\u00e2nia Ribeiro comemorou: \u201cA melhor \u00e9poca do ano chegou com aquele gostinho de expectativa de [&hellip;]<\/p>\n","protected":false},"author":2,"featured_media":110368,"comment_status":"closed","ping_status":"open","sticky":false,"template":"","format":"standard","meta":{"footnotes":"","_links_to":"","_links_to_target":""},"categories":[1],"tags":[],"class_list":["post-110365","post","type-post","status-publish","format-standard","has-post-thumbnail","hentry","category-geral"],"views":1771,"_links":{"self":[{"href":"https:\/\/www.sudoestehoje.com.br\/novoportal\/wp-json\/wp\/v2\/posts\/110365","targetHints":{"allow":["GET"]}}],"collection":[{"href":"https:\/\/www.sudoestehoje.com.br\/novoportal\/wp-json\/wp\/v2\/posts"}],"about":[{"href":"https:\/\/www.sudoestehoje.com.br\/novoportal\/wp-json\/wp\/v2\/types\/post"}],"author":[{"embeddable":true,"href":"https:\/\/www.sudoestehoje.com.br\/novoportal\/wp-json\/wp\/v2\/users\/2"}],"replies":[{"embeddable":true,"href":"https:\/\/www.sudoestehoje.com.br\/novoportal\/wp-json\/wp\/v2\/comments?post=110365"}],"version-history":[{"count":6,"href":"https:\/\/www.sudoestehoje.com.br\/novoportal\/wp-json\/wp\/v2\/posts\/110365\/revisions"}],"predecessor-version":[{"id":110372,"href":"https:\/\/www.sudoestehoje.com.br\/novoportal\/wp-json\/wp\/v2\/posts\/110365\/revisions\/110372"}],"wp:featuredmedia":[{"embeddable":true,"href":"https:\/\/www.sudoestehoje.com.br\/novoportal\/wp-json\/wp\/v2\/media\/110368"}],"wp:attachment":[{"href":"https:\/\/www.sudoestehoje.com.br\/novoportal\/wp-json\/wp\/v2\/media?parent=110365"}],"wp:term":[{"taxonomy":"category","embeddable":true,"href":"https:\/\/www.sudoestehoje.com.br\/novoportal\/wp-json\/wp\/v2\/categories?post=110365"},{"taxonomy":"post_tag","embeddable":true,"href":"https:\/\/www.sudoestehoje.com.br\/novoportal\/wp-json\/wp\/v2\/tags?post=110365"}],"curies":[{"name":"wp","href":"https:\/\/api.w.org\/{rel}","templated":true}]}}