
{"id":110342,"date":"2023-06-07T20:45:04","date_gmt":"2023-06-07T23:45:04","guid":{"rendered":"https:\/\/www.sudoestehoje.com.br\/novoportal\/?p=110342"},"modified":"2023-06-07T20:51:16","modified_gmt":"2023-06-07T23:51:16","slug":"itapetinga-rodrigo-hagge-elogia-postura-de-davi-ferraz-em-entrevistas","status":"publish","type":"post","link":"https:\/\/www.sudoestehoje.com.br\/novoportal\/2023\/06\/07\/itapetinga-rodrigo-hagge-elogia-postura-de-davi-ferraz-em-entrevistas\/","title":{"rendered":"ITAPETINGA | RODRIGO HAGGE ELOGIA POSTURA DE DAVI FERRAZ EM ENTREVISTAS"},"content":{"rendered":"<p><a href=\"https:\/\/www.sudoestehoje.com.br\/novoportal\/wp-content\/uploads\/2023\/06\/cc3a0020-a585-4607-84f6-8b43364d9a26-1.jpg\"><img loading=\"lazy\" decoding=\"async\" class=\"aligncenter  wp-image-110346\" src=\"https:\/\/www.sudoestehoje.com.br\/novoportal\/wp-content\/uploads\/2023\/06\/cc3a0020-a585-4607-84f6-8b43364d9a26-1-600x450.jpg\" alt=\"\" width=\"549\" height=\"412\" srcset=\"https:\/\/www.sudoestehoje.com.br\/novoportal\/wp-content\/uploads\/2023\/06\/cc3a0020-a585-4607-84f6-8b43364d9a26-1-600x450.jpg 600w, https:\/\/www.sudoestehoje.com.br\/novoportal\/wp-content\/uploads\/2023\/06\/cc3a0020-a585-4607-84f6-8b43364d9a26-1-700x525.jpg 700w, https:\/\/www.sudoestehoje.com.br\/novoportal\/wp-content\/uploads\/2023\/06\/cc3a0020-a585-4607-84f6-8b43364d9a26-1-768x576.jpg 768w, https:\/\/www.sudoestehoje.com.br\/novoportal\/wp-content\/uploads\/2023\/06\/cc3a0020-a585-4607-84f6-8b43364d9a26-1-1536x1152.jpg 1536w, https:\/\/www.sudoestehoje.com.br\/novoportal\/wp-content\/uploads\/2023\/06\/cc3a0020-a585-4607-84f6-8b43364d9a26-1.jpg 1600w\" sizes=\"auto, (max-width: 549px) 100vw, 549px\" \/><\/a><\/p>\n<p><strong>A postura firme e equilibrada do pr\u00e9-candidato a prefeito Davi Ferraz continua repercutindo em Itapetinga e regi\u00e3o, recebendo elogios de populares e pol\u00edticos, incluindo alguns opositores.<\/strong><\/p>\n<p><strong><em>&#8220;Davi tem faro pol\u00edtico e considero um dos mais preparados do munic\u00edpio. Conhece a fundo a hist\u00f3ria pol\u00edtica do munic\u00edpio, sem falar da sua vasta experi\u00eancia na \u00e1rea publica. \u00c9 nosso Gur\u00fa&#8221;<\/em>, comentou o prefeito Rodrigo Hagge.<\/strong><\/p>\n<p><strong>Sem ambi\u00e7\u00f5es, Davi Ferraz tem se apresentado como op\u00e7\u00e3o segura e confi\u00e1vel, sempre a servi\u00e7o do grupo liderado pelo prefeito Rodrigo e do eterno l\u00edder Michel Hagge, seu mentor pol\u00edtico.<\/strong><\/p>\n<p><strong><em>&#8220;Eu tinha apenas 29 anos, quando me elegi vereador, ao ao lado do prefeito Michel Hagge, no seu primeiro mandato. De l\u00e1 para c\u00e1, aprendi muito e auxiliei em todas as gest\u00f5es conquistadas pelo nosso grupo, com dedica\u00e7\u00e3o, fidelidade e disciplina. Hoje, aos 70 anos, olho para o passado como aluno humilde e dedicado que aprendeu a li\u00e7\u00e3o, mas com foco no futuro como homem experiente, capaz de administrar com amor, efici\u00eancia e dedica\u00e7\u00e3o, o nosso munic\u00edpio&#8221;<\/em>, assegurou Davi.<\/strong><\/p>\n<p><strong>Rivadavia Ferraz (Davi) \u00e9 advogado h\u00e1 43 anos, professor concursado do ensino m\u00e9dio estadual h\u00e1 34 anos, historiador graduado pela UESB h\u00e1 10 anos e editor do Blog Sudoeste Hoje h\u00e1 14 anos. \u00c9 casado e tem 2 filhos com sua esposa Patr\u00edcia Ferrari, funcion\u00e1ria p\u00fablica.<\/strong><\/p>\n<p><strong>Reda\u00e7\u00e3o<\/strong><\/p>\n","protected":false},"excerpt":{"rendered":"<p>A postura firme e equilibrada do pr\u00e9-candidato a prefeito Davi Ferraz continua repercutindo em Itapetinga e regi\u00e3o, recebendo elogios de populares e pol\u00edticos, incluindo alguns opositores. &#8220;Davi tem faro pol\u00edtico e considero um dos mais preparados do munic\u00edpio. Conhece a fundo a hist\u00f3ria pol\u00edtica do munic\u00edpio, sem falar da sua vasta experi\u00eancia na \u00e1rea publica. [&hellip;]<\/p>\n","protected":false},"author":2,"featured_media":110346,"comment_status":"closed","ping_status":"open","sticky":false,"template":"","format":"standard","meta":{"footnotes":"","_links_to":"","_links_to_target":""},"categories":[1],"tags":[],"class_list":["post-110342","post","type-post","status-publish","format-standard","has-post-thumbnail","hentry","category-geral"],"views":1125,"_links":{"self":[{"href":"https:\/\/www.sudoestehoje.com.br\/novoportal\/wp-json\/wp\/v2\/posts\/110342","targetHints":{"allow":["GET"]}}],"collection":[{"href":"https:\/\/www.sudoestehoje.com.br\/novoportal\/wp-json\/wp\/v2\/posts"}],"about":[{"href":"https:\/\/www.sudoestehoje.com.br\/novoportal\/wp-json\/wp\/v2\/types\/post"}],"author":[{"embeddable":true,"href":"https:\/\/www.sudoestehoje.com.br\/novoportal\/wp-json\/wp\/v2\/users\/2"}],"replies":[{"embeddable":true,"href":"https:\/\/www.sudoestehoje.com.br\/novoportal\/wp-json\/wp\/v2\/comments?post=110342"}],"version-history":[{"count":3,"href":"https:\/\/www.sudoestehoje.com.br\/novoportal\/wp-json\/wp\/v2\/posts\/110342\/revisions"}],"predecessor-version":[{"id":110347,"href":"https:\/\/www.sudoestehoje.com.br\/novoportal\/wp-json\/wp\/v2\/posts\/110342\/revisions\/110347"}],"wp:featuredmedia":[{"embeddable":true,"href":"https:\/\/www.sudoestehoje.com.br\/novoportal\/wp-json\/wp\/v2\/media\/110346"}],"wp:attachment":[{"href":"https:\/\/www.sudoestehoje.com.br\/novoportal\/wp-json\/wp\/v2\/media?parent=110342"}],"wp:term":[{"taxonomy":"category","embeddable":true,"href":"https:\/\/www.sudoestehoje.com.br\/novoportal\/wp-json\/wp\/v2\/categories?post=110342"},{"taxonomy":"post_tag","embeddable":true,"href":"https:\/\/www.sudoestehoje.com.br\/novoportal\/wp-json\/wp\/v2\/tags?post=110342"}],"curies":[{"name":"wp","href":"https:\/\/api.w.org\/{rel}","templated":true}]}}