
{"id":110317,"date":"2023-06-07T19:50:08","date_gmt":"2023-06-07T22:50:08","guid":{"rendered":"https:\/\/www.sudoestehoje.com.br\/novoportal\/?p=110317"},"modified":"2023-06-07T19:58:27","modified_gmt":"2023-06-07T22:58:27","slug":"manu-brandao-comemora-aniversario-ao-lado-de-idosos-do-lar-laura-carvalho","status":"publish","type":"post","link":"https:\/\/www.sudoestehoje.com.br\/novoportal\/2023\/06\/07\/manu-brandao-comemora-aniversario-ao-lado-de-idosos-do-lar-laura-carvalho\/","title":{"rendered":"MANU BRAND\u00c3O COMEMORA ANIVERS\u00c1RIO AO LADO DE IDOSOS DO &#8216;LAR LAURA CARVALHO&#8217;"},"content":{"rendered":"<p><a href=\"https:\/\/www.sudoestehoje.com.br\/novoportal\/wp-content\/uploads\/2023\/06\/9e8171f4-90f5-4ec1-8eaa-a8026cd9ac6e.jpg\"><img loading=\"lazy\" decoding=\"async\" class=\"aligncenter wp-image-110334\" src=\"https:\/\/www.sudoestehoje.com.br\/novoportal\/wp-content\/uploads\/2023\/06\/9e8171f4-90f5-4ec1-8eaa-a8026cd9ac6e-600x366.jpg\" alt=\"\" width=\"551\" height=\"336\" srcset=\"https:\/\/www.sudoestehoje.com.br\/novoportal\/wp-content\/uploads\/2023\/06\/9e8171f4-90f5-4ec1-8eaa-a8026cd9ac6e-600x366.jpg 600w, https:\/\/www.sudoestehoje.com.br\/novoportal\/wp-content\/uploads\/2023\/06\/9e8171f4-90f5-4ec1-8eaa-a8026cd9ac6e-700x427.jpg 700w, https:\/\/www.sudoestehoje.com.br\/novoportal\/wp-content\/uploads\/2023\/06\/9e8171f4-90f5-4ec1-8eaa-a8026cd9ac6e.jpg 761w\" sizes=\"auto, (max-width: 551px) 100vw, 551px\" \/><\/a><\/p>\n<p><strong>Com muito amor e forr\u00f3, Manu Brand\u00e3o celebrou os seus 43 anos, no dia 4 de Junho, com amigos e familiares no Lar Laura de Carvalho (Abrigo).<\/strong><\/p>\n<p><strong>Era uma manh\u00e3 de domingo, fazia um dia lindo, e o seu anivers\u00e1rio &#8211; Arrai\u00e1 da Manu &#8211; levou vida e alegria aos cora\u00e7\u00f5es daqueles velhinhos, em um dia para nunca esquecer.<\/strong><\/p>\n<p><strong>Em agradecimento, a nossa querida vereadora deixou registrado em sua rede social <em>&#8220;A sublime felicidade pelo dom da vida, e pelo presente que era estar ali, em companhia dos idosos e daqueles olhinhos t\u00e3o cheios de amor e afeto&#8221;.<\/em><\/strong><\/p>\n<p><a href=\"https:\/\/www.sudoestehoje.com.br\/novoportal\/wp-content\/uploads\/2023\/06\/1d96cdbd-c64b-4de5-824f-4fbb88612a68.jpg\"><img loading=\"lazy\" decoding=\"async\" class=\"aligncenter wp-image-110335\" src=\"https:\/\/www.sudoestehoje.com.br\/novoportal\/wp-content\/uploads\/2023\/06\/1d96cdbd-c64b-4de5-824f-4fbb88612a68-600x523.jpg\" alt=\"\" width=\"550\" height=\"479\" srcset=\"https:\/\/www.sudoestehoje.com.br\/novoportal\/wp-content\/uploads\/2023\/06\/1d96cdbd-c64b-4de5-824f-4fbb88612a68-600x523.jpg 600w, https:\/\/www.sudoestehoje.com.br\/novoportal\/wp-content\/uploads\/2023\/06\/1d96cdbd-c64b-4de5-824f-4fbb88612a68-700x610.jpg 700w, https:\/\/www.sudoestehoje.com.br\/novoportal\/wp-content\/uploads\/2023\/06\/1d96cdbd-c64b-4de5-824f-4fbb88612a68.jpg 756w\" sizes=\"auto, (max-width: 550px) 100vw, 550px\" \/><\/a><\/p>\n<p><strong>AGRADECIMENTOS<\/strong><\/p>\n<p><strong>Peu do Acordeon e sua Banda (Obrigada Peu, o seu talento \u00e9 um dom!); cuidadores do Lar, em especial Enf. Tamires Delavegas; irm\u00e3os de Manu (Rafela Brand\u00e3o e Mateus Brand\u00e3o, o seu pai Chico &#8211; Chico do Ferro Velho &#8211; e sua bel\u00edssima m\u00e3e, Eliana. Tias e primos tamb\u00e9m presentes; Amigos e sua equipe maravilhosa!.<\/strong><\/p>\n<p><strong>Outro agradecimento especial, para Patr\u00edcia e B\u00e1rbara Kathariny, que abriram as portas do Abrigo para que n\u00f3s pud\u00e9ssemos passar aquela manh\u00e3 com os idosos residentes. MUITO OBRIGADA, o trabalho de voc\u00eas (e de toda a equipe) \u00e9 a verdadeira ess\u00eancia em doar-se ao pr\u00f3ximo.<\/strong><\/p>\n\n\t\t<style type=\"text\/css\">\n\t\t\t#gallery-1 {\n\t\t\t\tmargin: auto;\n\t\t\t}\n\t\t\t#gallery-1 .gallery-item {\n\t\t\t\tfloat: left;\n\t\t\t\tmargin-top: 10px;\n\t\t\t\ttext-align: center;\n\t\t\t\twidth: 33%;\n\t\t\t}\n\t\t\t#gallery-1 img {\n\t\t\t\tborder: 2px solid #cfcfcf;\n\t\t\t}\n\t\t\t#gallery-1 .gallery-caption {\n\t\t\t\tmargin-left: 0;\n\t\t\t}\n\t\t\t\/* see gallery_shortcode() in wp-includes\/media.php *\/\n\t\t<\/style>\n\t\t<div id='gallery-1' class='gallery galleryid-110317 gallery-columns-3 gallery-size-thumbnail'><dl class='gallery-item'>\n\t\t\t<dt class='gallery-icon portrait'>\n\t\t\t\t<a href='https:\/\/www.sudoestehoje.com.br\/novoportal\/2023\/06\/07\/manu-brandao-comemora-aniversario-ao-lado-de-idosos-do-lar-laura-carvalho\/whatsapp-image-2023-06-07-at-19-16-13-2\/'><img loading=\"lazy\" decoding=\"async\" width=\"150\" height=\"150\" src=\"https:\/\/www.sudoestehoje.com.br\/novoportal\/wp-content\/uploads\/2023\/06\/WhatsApp-Image-2023-06-07-at-19.16.13-1-150x150.jpeg\" class=\"attachment-thumbnail size-thumbnail\" alt=\"\" \/><\/a>\n\t\t\t<\/dt><\/dl><dl class='gallery-item'>\n\t\t\t<dt class='gallery-icon landscape'>\n\t\t\t\t<a href='https:\/\/www.sudoestehoje.com.br\/novoportal\/2023\/06\/07\/manu-brandao-comemora-aniversario-ao-lado-de-idosos-do-lar-laura-carvalho\/whatsapp-image-2023-06-07-at-19-17-46-2\/'><img loading=\"lazy\" decoding=\"async\" width=\"150\" height=\"150\" src=\"https:\/\/www.sudoestehoje.com.br\/novoportal\/wp-content\/uploads\/2023\/06\/WhatsApp-Image-2023-06-07-at-19.17.46-1-150x150.jpeg\" class=\"attachment-thumbnail size-thumbnail\" alt=\"\" \/><\/a>\n\t\t\t<\/dt><\/dl><dl class='gallery-item'>\n\t\t\t<dt class='gallery-icon portrait'>\n\t\t\t\t<a href='https:\/\/www.sudoestehoje.com.br\/novoportal\/2023\/06\/07\/manu-brandao-comemora-aniversario-ao-lado-de-idosos-do-lar-laura-carvalho\/whatsapp-image-2023-06-07-at-19-18-50\/'><img loading=\"lazy\" decoding=\"async\" width=\"150\" height=\"150\" src=\"https:\/\/www.sudoestehoje.com.br\/novoportal\/wp-content\/uploads\/2023\/06\/WhatsApp-Image-2023-06-07-at-19.18.50-150x150.jpeg\" class=\"attachment-thumbnail size-thumbnail\" alt=\"\" \/><\/a>\n\t\t\t<\/dt><\/dl><br style=\"clear: both\" \/><dl class='gallery-item'>\n\t\t\t<dt class='gallery-icon portrait'>\n\t\t\t\t<a href='https:\/\/www.sudoestehoje.com.br\/novoportal\/2023\/06\/07\/manu-brandao-comemora-aniversario-ao-lado-de-idosos-do-lar-laura-carvalho\/whatsapp-image-2023-06-07-at-19-20-23-2\/'><img loading=\"lazy\" decoding=\"async\" width=\"150\" height=\"150\" src=\"https:\/\/www.sudoestehoje.com.br\/novoportal\/wp-content\/uploads\/2023\/06\/WhatsApp-Image-2023-06-07-at-19.20.23-1-150x150.jpeg\" class=\"attachment-thumbnail size-thumbnail\" alt=\"\" \/><\/a>\n\t\t\t<\/dt><\/dl><dl class='gallery-item'>\n\t\t\t<dt class='gallery-icon portrait'>\n\t\t\t\t<a href='https:\/\/www.sudoestehoje.com.br\/novoportal\/2023\/06\/07\/manu-brandao-comemora-aniversario-ao-lado-de-idosos-do-lar-laura-carvalho\/whatsapp-image-2023-06-07-at-19-15-33-2\/'><img loading=\"lazy\" decoding=\"async\" width=\"150\" height=\"150\" src=\"https:\/\/www.sudoestehoje.com.br\/novoportal\/wp-content\/uploads\/2023\/06\/WhatsApp-Image-2023-06-07-at-19.15.33-1-150x150.jpeg\" class=\"attachment-thumbnail size-thumbnail\" alt=\"\" \/><\/a>\n\t\t\t<\/dt><\/dl><dl class='gallery-item'>\n\t\t\t<dt class='gallery-icon portrait'>\n\t\t\t\t<a href='https:\/\/www.sudoestehoje.com.br\/novoportal\/2023\/06\/07\/manu-brandao-comemora-aniversario-ao-lado-de-idosos-do-lar-laura-carvalho\/whatsapp-image-2023-06-07-at-19-20-23\/'><img loading=\"lazy\" decoding=\"async\" width=\"150\" height=\"150\" src=\"https:\/\/www.sudoestehoje.com.br\/novoportal\/wp-content\/uploads\/2023\/06\/WhatsApp-Image-2023-06-07-at-19.20.23-150x150.jpeg\" class=\"attachment-thumbnail size-thumbnail\" alt=\"\" \/><\/a>\n\t\t\t<\/dt><\/dl><br style=\"clear: both\" \/><dl class='gallery-item'>\n\t\t\t<dt class='gallery-icon portrait'>\n\t\t\t\t<a href='https:\/\/www.sudoestehoje.com.br\/novoportal\/2023\/06\/07\/manu-brandao-comemora-aniversario-ao-lado-de-idosos-do-lar-laura-carvalho\/whatsapp-image-2023-06-07-at-19-15-09\/'><img loading=\"lazy\" decoding=\"async\" width=\"150\" height=\"150\" src=\"https:\/\/www.sudoestehoje.com.br\/novoportal\/wp-content\/uploads\/2023\/06\/WhatsApp-Image-2023-06-07-at-19.15.09-150x150.jpeg\" class=\"attachment-thumbnail size-thumbnail\" alt=\"\" \/><\/a>\n\t\t\t<\/dt><\/dl><dl class='gallery-item'>\n\t\t\t<dt class='gallery-icon portrait'>\n\t\t\t\t<a href='https:\/\/www.sudoestehoje.com.br\/novoportal\/2023\/06\/07\/manu-brandao-comemora-aniversario-ao-lado-de-idosos-do-lar-laura-carvalho\/whatsapp-image-2023-06-07-at-19-13-37\/'><img loading=\"lazy\" decoding=\"async\" width=\"150\" height=\"150\" src=\"https:\/\/www.sudoestehoje.com.br\/novoportal\/wp-content\/uploads\/2023\/06\/WhatsApp-Image-2023-06-07-at-19.13.37-150x150.jpeg\" class=\"attachment-thumbnail size-thumbnail\" alt=\"\" \/><\/a>\n\t\t\t<\/dt><\/dl><dl class='gallery-item'>\n\t\t\t<dt class='gallery-icon landscape'>\n\t\t\t\t<a href='https:\/\/www.sudoestehoje.com.br\/novoportal\/2023\/06\/07\/manu-brandao-comemora-aniversario-ao-lado-de-idosos-do-lar-laura-carvalho\/9e8171f4-90f5-4ec1-8eaa-a8026cd9ac6e\/'><img loading=\"lazy\" decoding=\"async\" width=\"150\" height=\"150\" src=\"https:\/\/www.sudoestehoje.com.br\/novoportal\/wp-content\/uploads\/2023\/06\/9e8171f4-90f5-4ec1-8eaa-a8026cd9ac6e-150x150.jpg\" class=\"attachment-thumbnail size-thumbnail\" alt=\"\" \/><\/a>\n\t\t\t<\/dt><\/dl><br style=\"clear: both\" \/>\n\t\t<\/div>\n\n<p><em><strong>Ascom vereadora Manu Brand\u00e3o<\/strong><\/em><\/p>\n","protected":false},"excerpt":{"rendered":"<p>Com muito amor e forr\u00f3, Manu Brand\u00e3o celebrou os seus 43 anos, no dia 4 de Junho, com amigos e familiares no Lar Laura de Carvalho (Abrigo). Era uma manh\u00e3 de domingo, fazia um dia lindo, e o seu anivers\u00e1rio &#8211; Arrai\u00e1 da Manu &#8211; levou vida e alegria aos cora\u00e7\u00f5es daqueles velhinhos, em um [&hellip;]<\/p>\n","protected":false},"author":2,"featured_media":110334,"comment_status":"closed","ping_status":"open","sticky":false,"template":"","format":"standard","meta":{"footnotes":"","_links_to":"","_links_to_target":""},"categories":[1],"tags":[],"class_list":["post-110317","post","type-post","status-publish","format-standard","has-post-thumbnail","hentry","category-geral"],"views":647,"_links":{"self":[{"href":"https:\/\/www.sudoestehoje.com.br\/novoportal\/wp-json\/wp\/v2\/posts\/110317","targetHints":{"allow":["GET"]}}],"collection":[{"href":"https:\/\/www.sudoestehoje.com.br\/novoportal\/wp-json\/wp\/v2\/posts"}],"about":[{"href":"https:\/\/www.sudoestehoje.com.br\/novoportal\/wp-json\/wp\/v2\/types\/post"}],"author":[{"embeddable":true,"href":"https:\/\/www.sudoestehoje.com.br\/novoportal\/wp-json\/wp\/v2\/users\/2"}],"replies":[{"embeddable":true,"href":"https:\/\/www.sudoestehoje.com.br\/novoportal\/wp-json\/wp\/v2\/comments?post=110317"}],"version-history":[{"count":7,"href":"https:\/\/www.sudoestehoje.com.br\/novoportal\/wp-json\/wp\/v2\/posts\/110317\/revisions"}],"predecessor-version":[{"id":110341,"href":"https:\/\/www.sudoestehoje.com.br\/novoportal\/wp-json\/wp\/v2\/posts\/110317\/revisions\/110341"}],"wp:featuredmedia":[{"embeddable":true,"href":"https:\/\/www.sudoestehoje.com.br\/novoportal\/wp-json\/wp\/v2\/media\/110334"}],"wp:attachment":[{"href":"https:\/\/www.sudoestehoje.com.br\/novoportal\/wp-json\/wp\/v2\/media?parent=110317"}],"wp:term":[{"taxonomy":"category","embeddable":true,"href":"https:\/\/www.sudoestehoje.com.br\/novoportal\/wp-json\/wp\/v2\/categories?post=110317"},{"taxonomy":"post_tag","embeddable":true,"href":"https:\/\/www.sudoestehoje.com.br\/novoportal\/wp-json\/wp\/v2\/tags?post=110317"}],"curies":[{"name":"wp","href":"https:\/\/api.w.org\/{rel}","templated":true}]}}