
{"id":110313,"date":"2023-06-07T17:45:55","date_gmt":"2023-06-07T20:45:55","guid":{"rendered":"https:\/\/www.sudoestehoje.com.br\/novoportal\/?p=110313"},"modified":"2023-06-07T21:53:56","modified_gmt":"2023-06-08T00:53:56","slug":"goernador-jeronimo-rodrigues-adia-vinda-a-itapetinga-mais-uma-vez","status":"publish","type":"post","link":"https:\/\/www.sudoestehoje.com.br\/novoportal\/2023\/06\/07\/goernador-jeronimo-rodrigues-adia-vinda-a-itapetinga-mais-uma-vez\/","title":{"rendered":"GOVERNADOR JER\u00d4NIMO RODRIGUES ADIA VINDA A ITAPETINGA MAIS UMA VEZ"},"content":{"rendered":"<p><a href=\"https:\/\/www.sudoestehoje.com.br\/novoportal\/wp-content\/uploads\/2023\/06\/IMG-20220523-WA0176.jpg\"><img loading=\"lazy\" decoding=\"async\" class=\"aligncenter wp-image-110314\" src=\"https:\/\/www.sudoestehoje.com.br\/novoportal\/wp-content\/uploads\/2023\/06\/IMG-20220523-WA0176-600x324.jpg\" alt=\"\" width=\"550\" height=\"297\" srcset=\"https:\/\/www.sudoestehoje.com.br\/novoportal\/wp-content\/uploads\/2023\/06\/IMG-20220523-WA0176-600x324.jpg 600w, https:\/\/www.sudoestehoje.com.br\/novoportal\/wp-content\/uploads\/2023\/06\/IMG-20220523-WA0176-700x378.jpg 700w, https:\/\/www.sudoestehoje.com.br\/novoportal\/wp-content\/uploads\/2023\/06\/IMG-20220523-WA0176-768x415.jpg 768w, https:\/\/www.sudoestehoje.com.br\/novoportal\/wp-content\/uploads\/2023\/06\/IMG-20220523-WA0176.jpg 941w\" sizes=\"auto, (max-width: 550px) 100vw, 550px\" \/><\/a><\/p>\n<p><strong>Prevista para acontecer no pr\u00f3ximo dia 11 de junho, a visita do governador Jer\u00f4nimo Rodrigues a Itapetinga foi adiada, mais uma vez.<\/strong><\/p>\n<p><strong>Segundo preposto do PT local, o adiamento foi comunicado pelo deputado Rosemberg Pinto (PT), que alegou dificuldades em organizar a recep\u00e7\u00e3o em data pr\u00f3xima a feriados e festejos juninos, mas confirmou visita ao munic\u00edpio de Caetanos, na mesma data.<\/strong><\/p>\n<p><strong>Nos bastidores, comenta-se que a dificuldade seria o racha da base governista na cidade, com quatro grupos disputando para ver <em>&#8216;quem perde melhor&#8217;<\/em> para o candidato do prefeito Rodrigo Hagge, ainda visto como &#8216;oposi\u00e7\u00e3o&#8217; ao governo, apesar de filiado ao MDB, partido do vice-governador e da base de Jer\u00f4nimo.<\/strong><\/p>\n<p><strong>A nova data ainda n\u00e3o foi agendada, mas deve ocorrer em julho ou agosto.<\/strong><\/p>\n<p><strong>A gosto de Deus&#8230;<\/strong><\/p>\n<p><strong>Por Davi Ferraz<\/strong><\/p>\n","protected":false},"excerpt":{"rendered":"<p>Prevista para acontecer no pr\u00f3ximo dia 11 de junho, a visita do governador Jer\u00f4nimo Rodrigues a Itapetinga foi adiada, mais uma vez. Segundo preposto do PT local, o adiamento foi comunicado pelo deputado Rosemberg Pinto (PT), que alegou dificuldades em organizar a recep\u00e7\u00e3o em data pr\u00f3xima a feriados e festejos juninos, mas confirmou visita ao [&hellip;]<\/p>\n","protected":false},"author":2,"featured_media":110314,"comment_status":"closed","ping_status":"open","sticky":false,"template":"","format":"standard","meta":{"footnotes":"","_links_to":"","_links_to_target":""},"categories":[1],"tags":[],"class_list":["post-110313","post","type-post","status-publish","format-standard","has-post-thumbnail","hentry","category-geral"],"views":983,"_links":{"self":[{"href":"https:\/\/www.sudoestehoje.com.br\/novoportal\/wp-json\/wp\/v2\/posts\/110313","targetHints":{"allow":["GET"]}}],"collection":[{"href":"https:\/\/www.sudoestehoje.com.br\/novoportal\/wp-json\/wp\/v2\/posts"}],"about":[{"href":"https:\/\/www.sudoestehoje.com.br\/novoportal\/wp-json\/wp\/v2\/types\/post"}],"author":[{"embeddable":true,"href":"https:\/\/www.sudoestehoje.com.br\/novoportal\/wp-json\/wp\/v2\/users\/2"}],"replies":[{"embeddable":true,"href":"https:\/\/www.sudoestehoje.com.br\/novoportal\/wp-json\/wp\/v2\/comments?post=110313"}],"version-history":[{"count":3,"href":"https:\/\/www.sudoestehoje.com.br\/novoportal\/wp-json\/wp\/v2\/posts\/110313\/revisions"}],"predecessor-version":[{"id":110355,"href":"https:\/\/www.sudoestehoje.com.br\/novoportal\/wp-json\/wp\/v2\/posts\/110313\/revisions\/110355"}],"wp:featuredmedia":[{"embeddable":true,"href":"https:\/\/www.sudoestehoje.com.br\/novoportal\/wp-json\/wp\/v2\/media\/110314"}],"wp:attachment":[{"href":"https:\/\/www.sudoestehoje.com.br\/novoportal\/wp-json\/wp\/v2\/media?parent=110313"}],"wp:term":[{"taxonomy":"category","embeddable":true,"href":"https:\/\/www.sudoestehoje.com.br\/novoportal\/wp-json\/wp\/v2\/categories?post=110313"},{"taxonomy":"post_tag","embeddable":true,"href":"https:\/\/www.sudoestehoje.com.br\/novoportal\/wp-json\/wp\/v2\/tags?post=110313"}],"curies":[{"name":"wp","href":"https:\/\/api.w.org\/{rel}","templated":true}]}}