
{"id":110308,"date":"2023-06-07T17:22:38","date_gmt":"2023-06-07T20:22:38","guid":{"rendered":"https:\/\/www.sudoestehoje.com.br\/novoportal\/?p=110308"},"modified":"2023-06-07T17:22:38","modified_gmt":"2023-06-07T20:22:38","slug":"pra-nao-cair-rui-costa-pede-desculpas-por-chamar-brasilia-de-ilha-da-fantasia","status":"publish","type":"post","link":"https:\/\/www.sudoestehoje.com.br\/novoportal\/2023\/06\/07\/pra-nao-cair-rui-costa-pede-desculpas-por-chamar-brasilia-de-ilha-da-fantasia\/","title":{"rendered":"PRA N\u00c3O CAIR, RUI COSTA PEDE DESCULPAS POR CHAMAR BRAS\u00cdLIA DE &#8216;ILHA DA FANTASIA&#8217;"},"content":{"rendered":"<p><a href=\"https:\/\/www.sudoestehoje.com.br\/novoportal\/wp-content\/uploads\/2023\/06\/rui-costa-reporter-ed-santos-acorda-cidade.jpg\"><img loading=\"lazy\" decoding=\"async\" class=\"aligncenter  wp-image-110310\" src=\"https:\/\/www.sudoestehoje.com.br\/novoportal\/wp-content\/uploads\/2023\/06\/rui-costa-reporter-ed-santos-acorda-cidade-600x399.jpg\" alt=\"\" width=\"549\" height=\"365\" srcset=\"https:\/\/www.sudoestehoje.com.br\/novoportal\/wp-content\/uploads\/2023\/06\/rui-costa-reporter-ed-santos-acorda-cidade-600x399.jpg 600w, https:\/\/www.sudoestehoje.com.br\/novoportal\/wp-content\/uploads\/2023\/06\/rui-costa-reporter-ed-santos-acorda-cidade.jpg 640w\" sizes=\"auto, (max-width: 549px) 100vw, 549px\" \/><\/a><\/p>\n<p><strong>O ex-governador da Bahia e ministro da Casa Civil, Rui Costa (PT), pediu desculpas pelas declara\u00e7\u00f5es em que citou Bras\u00edlia como uma \u201cilha da fantasia\u201d durante agenda em Itaberaba, no interior da Bahia, na semana passada. Em publica\u00e7\u00e3o nas redes sociais nesta quarta-feira (7), o ministro afirmou que demonstrou sua \u201cinconformidade\u201d com os processos na unidade federativa.<\/strong><\/p>\n<p><strong><em>\u201cEstava em Itaberaba, na Bahia, num evento de entrega de mais um \u00a0hospital. L\u00e1, desabafei e demonstrei minha inconformidade com o processo de escolhas e decis\u00f5es tomadas. Ao citar Bras\u00edlia como centro do poder pol\u00edtico, n\u00e3o fui feliz nas minhas palavras, o que permitiu que alguns transformassem a minha declara\u00e7\u00e3o em um ataque \u00e0 cidade ou ao seu povo\u201d<\/em>, afirmou Rui Costa.<\/strong><\/p>\n<p><strong><em>\u201cBras\u00edlia \u00e9 formada por uma gente corajosa e trabalhadora, que labuta todos os dias, com muito esfor\u00e7o e dignidade, por uma vida melhor. Tenho a convic\u00e7\u00e3o de que nada supera o trabalho. Continuarei trabalhando arduamente para ajudar o nosso povo, como fiz recentemente ao dialogar sobre investimentos e formas de gest\u00e3o para que, juntos, possamos melhorar o sistema de transporte de quem mora no entorno de Bras\u00edlia\u201d<\/em>, completou.<\/strong><\/p>\n<p><strong>O pronunciamento do ministro foi duramente criticado por pol\u00edticos da unidade federativa,\u00a0incluindo o governador Ibaneis Rocha (MDB)\u00a0e parlamentares da C\u00e2mara Legislativa do Distrito Federal (CLDF), que chegaram a entregar um documento ao presidente Luiz In\u00e1cio Lula da Silva (PT)\u00a0solicitando a demiss\u00e3o de Rui Costa.<\/strong><\/p>\n","protected":false},"excerpt":{"rendered":"<p>O ex-governador da Bahia e ministro da Casa Civil, Rui Costa (PT), pediu desculpas pelas declara\u00e7\u00f5es em que citou Bras\u00edlia como uma \u201cilha da fantasia\u201d durante agenda em Itaberaba, no interior da Bahia, na semana passada. Em publica\u00e7\u00e3o nas redes sociais nesta quarta-feira (7), o ministro afirmou que demonstrou sua \u201cinconformidade\u201d com os processos na [&hellip;]<\/p>\n","protected":false},"author":2,"featured_media":110310,"comment_status":"closed","ping_status":"open","sticky":false,"template":"","format":"standard","meta":{"footnotes":"","_links_to":"","_links_to_target":""},"categories":[1],"tags":[],"class_list":["post-110308","post","type-post","status-publish","format-standard","has-post-thumbnail","hentry","category-geral"],"views":959,"_links":{"self":[{"href":"https:\/\/www.sudoestehoje.com.br\/novoportal\/wp-json\/wp\/v2\/posts\/110308","targetHints":{"allow":["GET"]}}],"collection":[{"href":"https:\/\/www.sudoestehoje.com.br\/novoportal\/wp-json\/wp\/v2\/posts"}],"about":[{"href":"https:\/\/www.sudoestehoje.com.br\/novoportal\/wp-json\/wp\/v2\/types\/post"}],"author":[{"embeddable":true,"href":"https:\/\/www.sudoestehoje.com.br\/novoportal\/wp-json\/wp\/v2\/users\/2"}],"replies":[{"embeddable":true,"href":"https:\/\/www.sudoestehoje.com.br\/novoportal\/wp-json\/wp\/v2\/comments?post=110308"}],"version-history":[{"count":3,"href":"https:\/\/www.sudoestehoje.com.br\/novoportal\/wp-json\/wp\/v2\/posts\/110308\/revisions"}],"predecessor-version":[{"id":110312,"href":"https:\/\/www.sudoestehoje.com.br\/novoportal\/wp-json\/wp\/v2\/posts\/110308\/revisions\/110312"}],"wp:featuredmedia":[{"embeddable":true,"href":"https:\/\/www.sudoestehoje.com.br\/novoportal\/wp-json\/wp\/v2\/media\/110310"}],"wp:attachment":[{"href":"https:\/\/www.sudoestehoje.com.br\/novoportal\/wp-json\/wp\/v2\/media?parent=110308"}],"wp:term":[{"taxonomy":"category","embeddable":true,"href":"https:\/\/www.sudoestehoje.com.br\/novoportal\/wp-json\/wp\/v2\/categories?post=110308"},{"taxonomy":"post_tag","embeddable":true,"href":"https:\/\/www.sudoestehoje.com.br\/novoportal\/wp-json\/wp\/v2\/tags?post=110308"}],"curies":[{"name":"wp","href":"https:\/\/api.w.org\/{rel}","templated":true}]}}