
{"id":110270,"date":"2023-06-05T17:07:15","date_gmt":"2023-06-05T20:07:15","guid":{"rendered":"https:\/\/www.sudoestehoje.com.br\/novoportal\/?p=110270"},"modified":"2023-06-05T17:08:41","modified_gmt":"2023-06-05T20:08:41","slug":"regiao-rodoviarios-das-empresas-rota-e-aguia-branca-paralisam-atividades","status":"publish","type":"post","link":"https:\/\/www.sudoestehoje.com.br\/novoportal\/2023\/06\/05\/regiao-rodoviarios-das-empresas-rota-e-aguia-branca-paralisam-atividades\/","title":{"rendered":"REGI\u00c3O | RODOVI\u00c1RIOS DAS EMPRESAS ROTA E \u00c1GUIA BRANCA PARALISAM ATIVIDADES"},"content":{"rendered":"<div id=\"chunk-a756s\">\n<div class=\"mc-column content-text active-extra-styles \" data-block-type=\"unstyled\" data-block-weight=\"38\" data-block-id=\"3\">\n<p data-track-category=\"Link no Texto\" data-track-links=\"\"><a href=\"https:\/\/www.sudoestehoje.com.br\/novoportal\/wp-content\/uploads\/2023\/06\/whatsapp-image-2023-06-05-at-13.00.45.webp\"><img loading=\"lazy\" decoding=\"async\" class=\"aligncenter wp-image-110272\" src=\"https:\/\/www.sudoestehoje.com.br\/novoportal\/wp-content\/uploads\/2023\/06\/whatsapp-image-2023-06-05-at-13.00.45-600x303.webp\" alt=\"\" width=\"550\" height=\"278\" srcset=\"https:\/\/www.sudoestehoje.com.br\/novoportal\/wp-content\/uploads\/2023\/06\/whatsapp-image-2023-06-05-at-13.00.45-600x303.webp 600w, https:\/\/www.sudoestehoje.com.br\/novoportal\/wp-content\/uploads\/2023\/06\/whatsapp-image-2023-06-05-at-13.00.45-700x354.webp 700w, https:\/\/www.sudoestehoje.com.br\/novoportal\/wp-content\/uploads\/2023\/06\/whatsapp-image-2023-06-05-at-13.00.45-768x388.webp 768w, https:\/\/www.sudoestehoje.com.br\/novoportal\/wp-content\/uploads\/2023\/06\/whatsapp-image-2023-06-05-at-13.00.45.webp 984w\" sizes=\"auto, (max-width: 550px) 100vw, 550px\" \/><\/a><\/p>\n<p class=\"content-text__container \" data-track-category=\"Link no Texto\" data-track-links=\"\">Rodovi\u00e1rios das empresas \u00c1gua Branca e Rota, que operam na cidade de\u00a0<a class=\"\" href=\"https:\/\/g1.globo.com\/ba\/bahia\/cidade\/itabuna\/\">Itabuna<\/a>, na regi\u00e3o sul da Bahia, paralisaram as atividades nesta segunda-feira (5). Eles pedem reajuste de 5% no ticket e no sal\u00e1rio. Al\u00e9m de cl\u00e1usulas socio-econ\u00f4micas.<\/p>\n<\/div>\n<\/div>\n<div class=\"wall protected-content\">\n<div id=\"chunk-660p1\">\n<div class=\"mc-column content-text active-extra-styles \" data-block-type=\"unstyled\" data-block-weight=\"29\" data-block-id=\"4\">\n<p class=\"content-text__container \" data-track-category=\"Link no Texto\" data-track-links=\"\">De acordo com o sindicato da categoria, todos os \u00f4nibus com sa\u00edda programada nesta segunda est\u00e3o parados. Apenas os ve\u00edculos que j\u00e1 estavam no tr\u00e2nsito seguem em opera\u00e7\u00e3o.<\/p>\n<\/div>\n<\/div>\n<div id=\"chunk-786u4\">\n<div class=\"mc-column content-text active-extra-styles \" data-block-type=\"unstyled\" data-block-weight=\"23\" data-block-id=\"5\">\n<p class=\"content-text__container \" data-track-category=\"Link no Texto\" data-track-links=\"\">De acordo com o sindicato dos trabalhadores, a Rota e \u00c1guia Branca t\u00eam cerca de 650 colaboradores entre motoristas, cobradores e funcion\u00e1rios internos.<\/p>\n<div id=\"chunk-8npcv\">\n<div class=\"mc-column content-text active-extra-styles \" data-block-type=\"unstyled\" data-block-weight=\"27\" data-block-id=\"8\">\n<p class=\"content-text__container \" data-track-category=\"Link no Texto\" data-track-links=\"\">Ainda segundo o sindicato, foram apresentadas tr\u00eas contrapropostas, nenhuma aceita pelas empresas, e que por isso, a greve deve continuar at\u00e9 que uma nova proposta seja oferecida.<\/p>\n<\/div>\n<\/div>\n<div id=\"chunk-a20bg\">\n<div class=\"mc-column content-text active-extra-styles \" data-block-type=\"unstyled\" data-block-weight=\"46\" data-block-id=\"9\">\n<p class=\"content-text__container \" data-track-category=\"Link no Texto\" data-track-links=\"\">Em nota, a Via\u00e7\u00e3o \u00c1guia Branca disse que est\u00e1 em contato com o sindicato para &#8220;buscar a melhor resolu\u00e7\u00e3o entre as partes com o encerramento da paralisa\u00e7\u00e3o dos rodovi\u00e1rios&#8221;. Ainda segundo a empresa, a previs\u00e3o \u00e9 de que haja uma nova rodada de negocia\u00e7\u00f5es nesta tarde.<\/p>\n<p data-track-category=\"Link no Texto\" data-track-links=\"\"><a href=\"https:\/\/www.sudoestehoje.com.br\/novoportal\/wp-content\/uploads\/2023\/06\/download-1.jpg\"><img loading=\"lazy\" decoding=\"async\" class=\"aligncenter wp-image-110273\" src=\"https:\/\/www.sudoestehoje.com.br\/novoportal\/wp-content\/uploads\/2023\/06\/download-1.jpg\" alt=\"\" width=\"550\" height=\"308\" \/><\/a><\/p>\n<\/div>\n<\/div>\n<div id=\"chunk-fdhdf\">\n<div class=\"mc-column content-text active-extra-styles \" data-block-type=\"unstyled\" data-block-weight=\"47\" data-block-id=\"10\">\n<p class=\"content-text__container \" data-track-category=\"Link no Texto\" data-track-links=\"\">J\u00e1 a Rota Transportes disse que lamenta os transtornos ocorridos por conta da paralisa\u00e7\u00e3o e diz ter sido surpreendida. A empresa disse ainda que o sindicato estaria impedindo a opera\u00e7\u00e3o de linhas e empresas que n\u00e3o pertencem \u00e0 sua base sindical, indicando uma poss\u00edvel ilegalidade na paralisa\u00e7\u00e3o.<\/p>\n<\/div>\n<\/div>\n<div id=\"chunk-20edi\">\n<div class=\"mc-column content-text active-extra-styles \" data-block-type=\"unstyled\" data-block-weight=\"24\" data-block-id=\"11\">\n<p class=\"content-text__container \" data-track-category=\"Link no Texto\" data-track-links=\"\">A empresa diz ainda que a empresa adotar\u00e1 medidas judiciais para garantir o atendimento do servi\u00e7o de transporte intermunicipal, nas cidades atingidas pela paralisa\u00e7\u00e3o.<\/p>\n<\/div>\n<\/div>\n<p data-track-category=\"Link no Texto\" data-track-links=\"\">\n<\/div>\n<\/div>\n<\/div>\n","protected":false},"excerpt":{"rendered":"<p>Rodovi\u00e1rios das empresas \u00c1gua Branca e Rota, que operam na cidade de\u00a0Itabuna, na regi\u00e3o sul da Bahia, paralisaram as atividades nesta segunda-feira (5). Eles pedem reajuste de 5% no ticket e no sal\u00e1rio. Al\u00e9m de cl\u00e1usulas socio-econ\u00f4micas. De acordo com o sindicato da categoria, todos os \u00f4nibus com sa\u00edda programada nesta segunda est\u00e3o parados. Apenas [&hellip;]<\/p>\n","protected":false},"author":2,"featured_media":110272,"comment_status":"closed","ping_status":"open","sticky":false,"template":"","format":"standard","meta":{"footnotes":"","_links_to":"","_links_to_target":""},"categories":[1],"tags":[],"class_list":["post-110270","post","type-post","status-publish","format-standard","has-post-thumbnail","hentry","category-geral"],"views":1032,"_links":{"self":[{"href":"https:\/\/www.sudoestehoje.com.br\/novoportal\/wp-json\/wp\/v2\/posts\/110270","targetHints":{"allow":["GET"]}}],"collection":[{"href":"https:\/\/www.sudoestehoje.com.br\/novoportal\/wp-json\/wp\/v2\/posts"}],"about":[{"href":"https:\/\/www.sudoestehoje.com.br\/novoportal\/wp-json\/wp\/v2\/types\/post"}],"author":[{"embeddable":true,"href":"https:\/\/www.sudoestehoje.com.br\/novoportal\/wp-json\/wp\/v2\/users\/2"}],"replies":[{"embeddable":true,"href":"https:\/\/www.sudoestehoje.com.br\/novoportal\/wp-json\/wp\/v2\/comments?post=110270"}],"version-history":[{"count":3,"href":"https:\/\/www.sudoestehoje.com.br\/novoportal\/wp-json\/wp\/v2\/posts\/110270\/revisions"}],"predecessor-version":[{"id":110275,"href":"https:\/\/www.sudoestehoje.com.br\/novoportal\/wp-json\/wp\/v2\/posts\/110270\/revisions\/110275"}],"wp:featuredmedia":[{"embeddable":true,"href":"https:\/\/www.sudoestehoje.com.br\/novoportal\/wp-json\/wp\/v2\/media\/110272"}],"wp:attachment":[{"href":"https:\/\/www.sudoestehoje.com.br\/novoportal\/wp-json\/wp\/v2\/media?parent=110270"}],"wp:term":[{"taxonomy":"category","embeddable":true,"href":"https:\/\/www.sudoestehoje.com.br\/novoportal\/wp-json\/wp\/v2\/categories?post=110270"},{"taxonomy":"post_tag","embeddable":true,"href":"https:\/\/www.sudoestehoje.com.br\/novoportal\/wp-json\/wp\/v2\/tags?post=110270"}],"curies":[{"name":"wp","href":"https:\/\/api.w.org\/{rel}","templated":true}]}}