
{"id":11026,"date":"2011-12-10T23:17:35","date_gmt":"2011-12-11T02:17:35","guid":{"rendered":"http:\/\/www.sudoestehoje.com.br\/novoportal\/?p=11026"},"modified":"2011-12-10T23:20:28","modified_gmt":"2011-12-11T02:20:28","slug":"contrato-ilegal-do-vereador-ze-roberto-foi-reajustado-em-25","status":"publish","type":"post","link":"https:\/\/www.sudoestehoje.com.br\/novoportal\/2011\/12\/10\/contrato-ilegal-do-vereador-ze-roberto-foi-reajustado-em-25\/","title":{"rendered":"CONTRATO ILEGAL DO VEREADOR Z\u00c9 ROBERTO FOI REAJUSTADO EM 25%"},"content":{"rendered":"<p style=\"text-align: center;\"><img decoding=\"async\" src=\"http:\/\/el.i.uol.com.br\/2008\/ficha-candidatos\/ba\/36374\/11\/ba_36374_14_11.jpg\" alt=\"\" width=\"250\" \/><\/p>\n<p style=\"text-align: center;\">\n<em><strong>Joana Darc Santos Gusm\u00e3o, ex-vice prefeita e vereadora de Itarantim, \u00e9 professora, mas mant\u00e9m contrato com a prefeitura de Itapetinga, para prestar supostos &#8216;servi\u00e7os m\u00e9dicos ambulatoriais&#8217;. Na verdade, o contrato serve para encobrir a contrata\u00e7\u00e3o do m\u00e9dico e vereador Jos\u00e9 Roberto Menezes, que \u00e9 impedido de manter contrato como o munic\u00edpio, por ser vereador.<\/strong><\/em><\/p>\n<p>ITAPETINGA: O famoso contrato da empresa fajuta e fantasma Joana Darc (Darquinha de Itarantim), \u00a0usada para pagar os servi\u00e7os m\u00e9dicos ilegais do m\u00e9dico e vereador Jos\u00e9 Roberto Menezes \u00e0 prefeitura de Itapetinga, foi reajustado em 25%, atrav\u00e9s de aditivo, passando de R$10 mil mensais, para R$12.500,oo. Esta verdadeira &#8216;marmelada&#8217; desafia a lei, demonstrando o excesso de &#8216;confian\u00e7a&#8217; que a atual administra\u00e7\u00e3o municipal deposita na impunidade.<\/p>\n<p>\u00c9 bom lembrar que o vereador Jos\u00e9 Roberto Menezes \u00a0(PDT) est\u00e1 encalacrado com este e outros contratos que fez com a prefeitura de Itapetinga, onde \u00e9 impedido, por preceito constitucional, de manter qualquer esp\u00e9cie de contrato, de forma direta ou indireta, com o munic\u00edpio onde det\u00e9m mandato eletivo, o que j\u00e1 ensejou um pedido de perda de mandato atrav\u00e9s de a\u00e7\u00e3o ajuizada pelo PMDB junto ao TRE, al\u00e9m da a\u00e7\u00e3o que dever\u00e1 ser proposta contra ele e demais vereadores &#8216;infi\u00e9is&#8217;, pela Procuradoria Regional Eleitoral, pela troca de partido, sem comprovar &#8216;justa causa&#8217;.<\/p>\n<p>Com este reajuste, a secretaria municipal de sa\u00fade sai do campo da incompet\u00eancia e entra, definitivamente, no campo da irresponsabilidade, ao desafiar princ\u00edpios constitucionais. Adivinhem quem vai responder por isto?<\/p>\n<p><em><strong>Por DAVI FERRAZ<\/strong><\/em><\/p>\n","protected":false},"excerpt":{"rendered":"<p>Joana Darc Santos Gusm\u00e3o, ex-vice prefeita e vereadora de Itarantim, \u00e9 professora, mas mant\u00e9m contrato com a prefeitura de Itapetinga, para prestar supostos &#8216;servi\u00e7os m\u00e9dicos ambulatoriais&#8217;. Na verdade, o contrato serve para encobrir a contrata\u00e7\u00e3o do m\u00e9dico e vereador Jos\u00e9 Roberto Menezes, que \u00e9 impedido de manter contrato como o munic\u00edpio, por ser vereador. ITAPETINGA: [&hellip;]<\/p>\n","protected":false},"author":2,"featured_media":0,"comment_status":"open","ping_status":"open","sticky":false,"template":"","format":"standard","meta":{"footnotes":"","_links_to":"","_links_to_target":""},"categories":[1],"tags":[],"class_list":["post-11026","post","type-post","status-publish","format-standard","hentry","category-geral"],"views":1260,"_links":{"self":[{"href":"https:\/\/www.sudoestehoje.com.br\/novoportal\/wp-json\/wp\/v2\/posts\/11026","targetHints":{"allow":["GET"]}}],"collection":[{"href":"https:\/\/www.sudoestehoje.com.br\/novoportal\/wp-json\/wp\/v2\/posts"}],"about":[{"href":"https:\/\/www.sudoestehoje.com.br\/novoportal\/wp-json\/wp\/v2\/types\/post"}],"author":[{"embeddable":true,"href":"https:\/\/www.sudoestehoje.com.br\/novoportal\/wp-json\/wp\/v2\/users\/2"}],"replies":[{"embeddable":true,"href":"https:\/\/www.sudoestehoje.com.br\/novoportal\/wp-json\/wp\/v2\/comments?post=11026"}],"version-history":[{"count":4,"href":"https:\/\/www.sudoestehoje.com.br\/novoportal\/wp-json\/wp\/v2\/posts\/11026\/revisions"}],"predecessor-version":[{"id":11048,"href":"https:\/\/www.sudoestehoje.com.br\/novoportal\/wp-json\/wp\/v2\/posts\/11026\/revisions\/11048"}],"wp:attachment":[{"href":"https:\/\/www.sudoestehoje.com.br\/novoportal\/wp-json\/wp\/v2\/media?parent=11026"}],"wp:term":[{"taxonomy":"category","embeddable":true,"href":"https:\/\/www.sudoestehoje.com.br\/novoportal\/wp-json\/wp\/v2\/categories?post=11026"},{"taxonomy":"post_tag","embeddable":true,"href":"https:\/\/www.sudoestehoje.com.br\/novoportal\/wp-json\/wp\/v2\/tags?post=11026"}],"curies":[{"name":"wp","href":"https:\/\/api.w.org\/{rel}","templated":true}]}}