
{"id":110259,"date":"2023-06-05T10:10:28","date_gmt":"2023-06-05T13:10:28","guid":{"rendered":"https:\/\/www.sudoestehoje.com.br\/novoportal\/?p=110259"},"modified":"2023-06-05T16:48:36","modified_gmt":"2023-06-05T19:48:36","slug":"eleicoes-2024-cotado-para-disputar-prefeitura-eduardo-hagge-circula-ao-lado-do-prefeito-rodrigo-em-eventos","status":"publish","type":"post","link":"https:\/\/www.sudoestehoje.com.br\/novoportal\/2023\/06\/05\/eleicoes-2024-cotado-para-disputar-prefeitura-eduardo-hagge-circula-ao-lado-do-prefeito-rodrigo-em-eventos\/","title":{"rendered":"ITAPETINGA | COTADO PARA DISPUTAR PREFEITURA, EDUARDO HAGGE J\u00c1 CIRCULA AO LADO DO PREFEITO RODRIGO EM EVENTOS"},"content":{"rendered":"<p><a href=\"https:\/\/www.sudoestehoje.com.br\/novoportal\/wp-content\/uploads\/2023\/06\/WhatsApp-Image-2023-06-05-at-10.40.30.jpeg\"><img loading=\"lazy\" decoding=\"async\" class=\"aligncenter wp-image-110266\" src=\"https:\/\/www.sudoestehoje.com.br\/novoportal\/wp-content\/uploads\/2023\/06\/WhatsApp-Image-2023-06-05-at-10.40.30-600x338.jpeg\" alt=\"\" width=\"549\" height=\"309\" srcset=\"https:\/\/www.sudoestehoje.com.br\/novoportal\/wp-content\/uploads\/2023\/06\/WhatsApp-Image-2023-06-05-at-10.40.30-600x338.jpeg 600w, https:\/\/www.sudoestehoje.com.br\/novoportal\/wp-content\/uploads\/2023\/06\/WhatsApp-Image-2023-06-05-at-10.40.30-700x394.jpeg 700w, https:\/\/www.sudoestehoje.com.br\/novoportal\/wp-content\/uploads\/2023\/06\/WhatsApp-Image-2023-06-05-at-10.40.30-768x432.jpeg 768w, https:\/\/www.sudoestehoje.com.br\/novoportal\/wp-content\/uploads\/2023\/06\/WhatsApp-Image-2023-06-05-at-10.40.30-1536x865.jpeg 1536w, https:\/\/www.sudoestehoje.com.br\/novoportal\/wp-content\/uploads\/2023\/06\/WhatsApp-Image-2023-06-05-at-10.40.30.jpeg 1600w\" sizes=\"auto, (max-width: 549px) 100vw, 549px\" \/><\/a><\/p>\n<p><strong>Um dos nomes fortes que vem sendo cogitado para disputar a sucess\u00e3o do prefeito Rodrigo Hagge (MDB), em Itapetinga, \u00e9 o do m\u00e9dico veterin\u00e1rio Eduargo Hagge, que ultimamente tem circulado em alguns eventos, sempre ao lado do prefeito, alimentando boatos de que ele ir\u00e1 aceitar a empreitada.<\/strong><\/p>\n<p><strong>Na verdade, Eduardo Hagge ainda n\u00e3o tomou uma decis\u00e3o de se apresentar como pr\u00e9-candidato a prefeito, pelo MDB, mas nos meio pol\u00edticos a sua candidatura j\u00e1 \u00e9 dada como &#8220;fato consumado&#8221;.<\/strong><\/p>\n<p><strong>PR\u00c9-CANDIDATOS<\/strong><\/p>\n<p><strong>Na base do prefeito Rodrigo Hagge, algumas pr\u00e9-candidaturas j\u00e1 foram lan\u00e7adas e est\u00e3o em andamento. Luciano Almeida, Gustavo David, Manu Brand\u00e3o, Davi Ferraz, Darwin Renan, Reinan Gusm\u00e3o, F\u00e1bio Viana, Jo\u00e3o de Deus e o secret\u00e1rio Orlando Ribeiro, al\u00e9m do vice-prefeito Renan Pereira, pr\u00e9-candidato pelo Uni\u00e3o Brasil, partido da base.<\/strong><\/p>\n<p><strong>Entretanto, h\u00e1 um consenso de poder\u00e1 haver uma converg\u00eancia para uma \u00fanica candidatura, caso seja necess\u00e1rio. Apenas o vice-prefeito Renan Pereira, ainda n\u00e3o se posicionou a este respeito, mas a expectativa \u00e9 de que ele n\u00e3o ser\u00e1 empecilho nas negocia\u00e7\u00f5es entre MDB e Uni\u00e3o Brasil, caso seu nome n\u00e3o seja o escolhido.<\/strong><\/p>\n<p><strong>CANDIDATURAS EM CONSTRU\u00c7\u00c3O<\/strong><\/p>\n<p><strong>Apesar de alguns nomes j\u00e1 estarem circulando e at\u00e9 pedindo apoio e votos, o per\u00edodo atual \u00e9 de constru\u00e7\u00e3o de candidaturas e n\u00e3o de fazer campanha eleitoral, o que pode levar a um desgaste prematuro. Faltando mais de um ano para as conven\u00e7\u00f5es partid\u00e1rias, se dizer candidato e fazer campanha pode representar um verdadeiro &#8216;tiro no p\u00e9&#8217; dos apressadinhos.<\/strong><\/p>\n<p><strong>Lembrando que em pol\u00edtica, o clima sempre pode mudar, conforme o rumo dos ventos&#8230;<\/strong><\/p>\n<p><strong>Por Davi Ferraz\u00a0<\/strong><\/p>\n","protected":false},"excerpt":{"rendered":"<p>Um dos nomes fortes que vem sendo cogitado para disputar a sucess\u00e3o do prefeito Rodrigo Hagge (MDB), em Itapetinga, \u00e9 o do m\u00e9dico veterin\u00e1rio Eduargo Hagge, que ultimamente tem circulado em alguns eventos, sempre ao lado do prefeito, alimentando boatos de que ele ir\u00e1 aceitar a empreitada. Na verdade, Eduardo Hagge ainda n\u00e3o tomou uma [&hellip;]<\/p>\n","protected":false},"author":2,"featured_media":110266,"comment_status":"closed","ping_status":"open","sticky":false,"template":"","format":"standard","meta":{"footnotes":"","_links_to":"","_links_to_target":""},"categories":[1],"tags":[],"class_list":["post-110259","post","type-post","status-publish","format-standard","has-post-thumbnail","hentry","category-geral"],"views":972,"_links":{"self":[{"href":"https:\/\/www.sudoestehoje.com.br\/novoportal\/wp-json\/wp\/v2\/posts\/110259","targetHints":{"allow":["GET"]}}],"collection":[{"href":"https:\/\/www.sudoestehoje.com.br\/novoportal\/wp-json\/wp\/v2\/posts"}],"about":[{"href":"https:\/\/www.sudoestehoje.com.br\/novoportal\/wp-json\/wp\/v2\/types\/post"}],"author":[{"embeddable":true,"href":"https:\/\/www.sudoestehoje.com.br\/novoportal\/wp-json\/wp\/v2\/users\/2"}],"replies":[{"embeddable":true,"href":"https:\/\/www.sudoestehoje.com.br\/novoportal\/wp-json\/wp\/v2\/comments?post=110259"}],"version-history":[{"count":8,"href":"https:\/\/www.sudoestehoje.com.br\/novoportal\/wp-json\/wp\/v2\/posts\/110259\/revisions"}],"predecessor-version":[{"id":110269,"href":"https:\/\/www.sudoestehoje.com.br\/novoportal\/wp-json\/wp\/v2\/posts\/110259\/revisions\/110269"}],"wp:featuredmedia":[{"embeddable":true,"href":"https:\/\/www.sudoestehoje.com.br\/novoportal\/wp-json\/wp\/v2\/media\/110266"}],"wp:attachment":[{"href":"https:\/\/www.sudoestehoje.com.br\/novoportal\/wp-json\/wp\/v2\/media?parent=110259"}],"wp:term":[{"taxonomy":"category","embeddable":true,"href":"https:\/\/www.sudoestehoje.com.br\/novoportal\/wp-json\/wp\/v2\/categories?post=110259"},{"taxonomy":"post_tag","embeddable":true,"href":"https:\/\/www.sudoestehoje.com.br\/novoportal\/wp-json\/wp\/v2\/tags?post=110259"}],"curies":[{"name":"wp","href":"https:\/\/api.w.org\/{rel}","templated":true}]}}