
{"id":110207,"date":"2023-06-03T17:24:11","date_gmt":"2023-06-03T20:24:11","guid":{"rendered":"https:\/\/www.sudoestehoje.com.br\/novoportal\/?p=110207"},"modified":"2023-06-03T17:24:11","modified_gmt":"2023-06-03T20:24:11","slug":"antonio-brito-e-edvaldo-brito-debatem-com-primeiro-ministro-de-portugal-sobre-comunidade-dos-paises-da-lingua-portuguesa","status":"publish","type":"post","link":"https:\/\/www.sudoestehoje.com.br\/novoportal\/2023\/06\/03\/antonio-brito-e-edvaldo-brito-debatem-com-primeiro-ministro-de-portugal-sobre-comunidade-dos-paises-da-lingua-portuguesa\/","title":{"rendered":"ANT\u00d4NIO BRITO E EDVALDO BRITO DEBATEM COM PRIMEIRO-MINISTRO DE PORTUGAL SOBRE COMUNIDADE DOS PA\u00cdSES DA L\u00cdNGUA PORTUGUESA"},"content":{"rendered":"<p><a href=\"https:\/\/www.sudoestehoje.com.br\/novoportal\/wp-content\/uploads\/2023\/06\/WhatsApp-Image-2023-06-03-at-16.51.41.jpeg\"><img loading=\"lazy\" decoding=\"async\" class=\"aligncenter  wp-image-110208\" src=\"https:\/\/www.sudoestehoje.com.br\/novoportal\/wp-content\/uploads\/2023\/06\/WhatsApp-Image-2023-06-03-at-16.51.41-600x400.jpeg\" alt=\"\" width=\"551\" height=\"367\" srcset=\"https:\/\/www.sudoestehoje.com.br\/novoportal\/wp-content\/uploads\/2023\/06\/WhatsApp-Image-2023-06-03-at-16.51.41-600x400.jpeg 600w, https:\/\/www.sudoestehoje.com.br\/novoportal\/wp-content\/uploads\/2023\/06\/WhatsApp-Image-2023-06-03-at-16.51.41-700x467.jpeg 700w, https:\/\/www.sudoestehoje.com.br\/novoportal\/wp-content\/uploads\/2023\/06\/WhatsApp-Image-2023-06-03-at-16.51.41-768x512.jpeg 768w, https:\/\/www.sudoestehoje.com.br\/novoportal\/wp-content\/uploads\/2023\/06\/WhatsApp-Image-2023-06-03-at-16.51.41.jpeg 1200w\" sizes=\"auto, (max-width: 551px) 100vw, 551px\" \/><\/a><\/p>\n<p><strong>O deputado federal Antonio Brito e o seu pai, o vereador Edvaldo Brito, se encontraram, neste s\u00e1bado, com o primeiro-ministro de Portugal, Ant\u00f3nio Costa, no encerramento do XIV Congresso das Santas Casas Portuguesas.<\/strong><\/p>\n<p><strong> Durante o encontro, foram debatidos temas como comunidade dos pa\u00edses da l\u00edngua portuguesa, coopera\u00e7\u00e3o entre os parlamentos de Brasil e Portugal e desafios considerados priorit\u00e1rios para ambos os pa\u00edses. <\/strong><\/p>\n<p><strong>Na ocasi\u00e3o, Edvaldo Brito e Ant\u00f3nio Costa tamb\u00e9m recordaram o per\u00edodo em que estiveram exercendo a Prefeitura de Salvador e Lisboa, respectivamente, quando atuaram conjuntamente em projetos de coopera\u00e7\u00e3o na Uni\u00e3o das Cidades Capitais de L\u00edngua Portuguesa (UCCLA).<\/strong><\/p>\n","protected":false},"excerpt":{"rendered":"<p>O deputado federal Antonio Brito e o seu pai, o vereador Edvaldo Brito, se encontraram, neste s\u00e1bado, com o primeiro-ministro de Portugal, Ant\u00f3nio Costa, no encerramento do XIV Congresso das Santas Casas Portuguesas. Durante o encontro, foram debatidos temas como comunidade dos pa\u00edses da l\u00edngua portuguesa, coopera\u00e7\u00e3o entre os parlamentos de Brasil e Portugal e [&hellip;]<\/p>\n","protected":false},"author":2,"featured_media":110208,"comment_status":"closed","ping_status":"open","sticky":false,"template":"","format":"standard","meta":{"footnotes":"","_links_to":"","_links_to_target":""},"categories":[1],"tags":[],"class_list":["post-110207","post","type-post","status-publish","format-standard","has-post-thumbnail","hentry","category-geral"],"views":546,"_links":{"self":[{"href":"https:\/\/www.sudoestehoje.com.br\/novoportal\/wp-json\/wp\/v2\/posts\/110207","targetHints":{"allow":["GET"]}}],"collection":[{"href":"https:\/\/www.sudoestehoje.com.br\/novoportal\/wp-json\/wp\/v2\/posts"}],"about":[{"href":"https:\/\/www.sudoestehoje.com.br\/novoportal\/wp-json\/wp\/v2\/types\/post"}],"author":[{"embeddable":true,"href":"https:\/\/www.sudoestehoje.com.br\/novoportal\/wp-json\/wp\/v2\/users\/2"}],"replies":[{"embeddable":true,"href":"https:\/\/www.sudoestehoje.com.br\/novoportal\/wp-json\/wp\/v2\/comments?post=110207"}],"version-history":[{"count":2,"href":"https:\/\/www.sudoestehoje.com.br\/novoportal\/wp-json\/wp\/v2\/posts\/110207\/revisions"}],"predecessor-version":[{"id":110210,"href":"https:\/\/www.sudoestehoje.com.br\/novoportal\/wp-json\/wp\/v2\/posts\/110207\/revisions\/110210"}],"wp:featuredmedia":[{"embeddable":true,"href":"https:\/\/www.sudoestehoje.com.br\/novoportal\/wp-json\/wp\/v2\/media\/110208"}],"wp:attachment":[{"href":"https:\/\/www.sudoestehoje.com.br\/novoportal\/wp-json\/wp\/v2\/media?parent=110207"}],"wp:term":[{"taxonomy":"category","embeddable":true,"href":"https:\/\/www.sudoestehoje.com.br\/novoportal\/wp-json\/wp\/v2\/categories?post=110207"},{"taxonomy":"post_tag","embeddable":true,"href":"https:\/\/www.sudoestehoje.com.br\/novoportal\/wp-json\/wp\/v2\/tags?post=110207"}],"curies":[{"name":"wp","href":"https:\/\/api.w.org\/{rel}","templated":true}]}}