
{"id":110198,"date":"2023-06-03T17:04:21","date_gmt":"2023-06-03T20:04:21","guid":{"rendered":"https:\/\/www.sudoestehoje.com.br\/novoportal\/?p=110198"},"modified":"2023-06-04T08:45:07","modified_gmt":"2023-06-04T11:45:07","slug":"governador-jeronimo-demite-o-assessor-lucas-costa-genro-do-ex-prefeito-ze-carlos","status":"publish","type":"post","link":"https:\/\/www.sudoestehoje.com.br\/novoportal\/2023\/06\/03\/governador-jeronimo-demite-o-assessor-lucas-costa-genro-do-ex-prefeito-ze-carlos\/","title":{"rendered":"GOVERNADOR JER\u00d4NIMO DEMITE O ASSESSOR LUCAS COSTA, GENRO DO EX-PREFEITO Z\u00c9 CARLOS"},"content":{"rendered":"<p><a href=\"https:\/\/www.sudoestehoje.com.br\/novoportal\/wp-content\/uploads\/2023\/06\/secretario-740x405-1.jpg\"><img loading=\"lazy\" decoding=\"async\" class=\"aligncenter wp-image-110202\" src=\"https:\/\/www.sudoestehoje.com.br\/novoportal\/wp-content\/uploads\/2023\/06\/secretario-740x405-1-600x328.jpg\" alt=\"\" width=\"551\" height=\"301\" srcset=\"https:\/\/www.sudoestehoje.com.br\/novoportal\/wp-content\/uploads\/2023\/06\/secretario-740x405-1-600x328.jpg 600w, https:\/\/www.sudoestehoje.com.br\/novoportal\/wp-content\/uploads\/2023\/06\/secretario-740x405-1-700x383.jpg 700w, https:\/\/www.sudoestehoje.com.br\/novoportal\/wp-content\/uploads\/2023\/06\/secretario-740x405-1.jpg 740w\" sizes=\"auto, (max-width: 551px) 100vw, 551px\" \/><\/a><\/p>\n<p><strong>Neste s\u00e1bado (2), o Di\u00e1rio Oficial do Estado publicou a exonera\u00e7\u00e3o do petista Lucas Teixeira Costa, do cargo de Assistente Especial da Governadoria, que exercia por indica\u00e7\u00e3o do ex-governador Rui Costa, ao seu sucessor Jer\u00f4nimo Rodrigues.<\/strong><\/p>\n<p><strong>Lucas entrou no governo pelas m\u00e3os do deputado federal Felix Mendon\u00e7a (PDT), chegando a exercer o cargo de Secret\u00e1rio Estadual da Agricultura, mas acabou perdendo o cargo ap\u00f3s o rompimento de F\u00e9lix Jr. com o governo. Mesmo assim, foi convidado pelo pr\u00f3prio Rui Costa a continuar no governo como seu assistente de gabinete, permanecendo no cargo at\u00e9 ser demitido por Jer\u00f4nimo, nesta sexta.<\/strong><\/p>\n<p><a href=\"https:\/\/www.sudoestehoje.com.br\/novoportal\/wp-content\/uploads\/2023\/06\/d0bd53f2-e41f-4a07-b6c4-4ecbeffa620a.jpg\"><img loading=\"lazy\" decoding=\"async\" class=\"aligncenter wp-image-110205\" src=\"https:\/\/www.sudoestehoje.com.br\/novoportal\/wp-content\/uploads\/2023\/06\/d0bd53f2-e41f-4a07-b6c4-4ecbeffa620a-600x172.jpg\" alt=\"\" width=\"551\" height=\"158\" srcset=\"https:\/\/www.sudoestehoje.com.br\/novoportal\/wp-content\/uploads\/2023\/06\/d0bd53f2-e41f-4a07-b6c4-4ecbeffa620a-600x172.jpg 600w, https:\/\/www.sudoestehoje.com.br\/novoportal\/wp-content\/uploads\/2023\/06\/d0bd53f2-e41f-4a07-b6c4-4ecbeffa620a-700x201.jpg 700w, https:\/\/www.sudoestehoje.com.br\/novoportal\/wp-content\/uploads\/2023\/06\/d0bd53f2-e41f-4a07-b6c4-4ecbeffa620a-768x220.jpg 768w, https:\/\/www.sudoestehoje.com.br\/novoportal\/wp-content\/uploads\/2023\/06\/d0bd53f2-e41f-4a07-b6c4-4ecbeffa620a.jpg 1401w\" sizes=\"auto, (max-width: 551px) 100vw, 551px\" \/><\/a><\/p>\n<p><strong>Genro do ex-prefeito Z\u00e9 Carlos e Cida Moura, Lucas chegou a ser cogitado a disputar a sucess\u00e3o municipal, como pr\u00e9-candidato a prefeito, mas acabou perdendo for\u00e7a no seu pr\u00f3prio partido, devido a divis\u00f5es internas.\u00a0<\/strong><\/p>\n<p><strong>Sua demiss\u00e3o repercutiu negativamente, como uma bomba, nos meios pol\u00edticos de Itapetinga e regi\u00e3o, e vem sendo atribu\u00edda a um racha dentro do PT local, com a consequente perda de prest\u00edgio do n\u00facleo familiar do ex-prefeito Z\u00e9 Carlos, junto ao governo do estado.<\/strong><\/p>\n<p><strong>Para substitu\u00ed-lo no cargo, o governador Jer\u00f4nimo Rodrigues nomeou o ex-deputado estadual Alex Lima, do PSB.<\/strong><\/p>\n<p><strong>Por Davi Ferraz<\/strong><\/p>\n","protected":false},"excerpt":{"rendered":"<p>Neste s\u00e1bado (2), o Di\u00e1rio Oficial do Estado publicou a exonera\u00e7\u00e3o do petista Lucas Teixeira Costa, do cargo de Assistente Especial da Governadoria, que exercia por indica\u00e7\u00e3o do ex-governador Rui Costa, ao seu sucessor Jer\u00f4nimo Rodrigues. Lucas entrou no governo pelas m\u00e3os do deputado federal Felix Mendon\u00e7a (PDT), chegando a exercer o cargo de Secret\u00e1rio [&hellip;]<\/p>\n","protected":false},"author":2,"featured_media":110202,"comment_status":"closed","ping_status":"open","sticky":false,"template":"","format":"standard","meta":{"footnotes":"","_links_to":"","_links_to_target":""},"categories":[1],"tags":[],"class_list":["post-110198","post","type-post","status-publish","format-standard","has-post-thumbnail","hentry","category-geral"],"views":1355,"_links":{"self":[{"href":"https:\/\/www.sudoestehoje.com.br\/novoportal\/wp-json\/wp\/v2\/posts\/110198","targetHints":{"allow":["GET"]}}],"collection":[{"href":"https:\/\/www.sudoestehoje.com.br\/novoportal\/wp-json\/wp\/v2\/posts"}],"about":[{"href":"https:\/\/www.sudoestehoje.com.br\/novoportal\/wp-json\/wp\/v2\/types\/post"}],"author":[{"embeddable":true,"href":"https:\/\/www.sudoestehoje.com.br\/novoportal\/wp-json\/wp\/v2\/users\/2"}],"replies":[{"embeddable":true,"href":"https:\/\/www.sudoestehoje.com.br\/novoportal\/wp-json\/wp\/v2\/comments?post=110198"}],"version-history":[{"count":7,"href":"https:\/\/www.sudoestehoje.com.br\/novoportal\/wp-json\/wp\/v2\/posts\/110198\/revisions"}],"predecessor-version":[{"id":110214,"href":"https:\/\/www.sudoestehoje.com.br\/novoportal\/wp-json\/wp\/v2\/posts\/110198\/revisions\/110214"}],"wp:featuredmedia":[{"embeddable":true,"href":"https:\/\/www.sudoestehoje.com.br\/novoportal\/wp-json\/wp\/v2\/media\/110202"}],"wp:attachment":[{"href":"https:\/\/www.sudoestehoje.com.br\/novoportal\/wp-json\/wp\/v2\/media?parent=110198"}],"wp:term":[{"taxonomy":"category","embeddable":true,"href":"https:\/\/www.sudoestehoje.com.br\/novoportal\/wp-json\/wp\/v2\/categories?post=110198"},{"taxonomy":"post_tag","embeddable":true,"href":"https:\/\/www.sudoestehoje.com.br\/novoportal\/wp-json\/wp\/v2\/tags?post=110198"}],"curies":[{"name":"wp","href":"https:\/\/api.w.org\/{rel}","templated":true}]}}