
{"id":110192,"date":"2023-06-02T19:10:47","date_gmt":"2023-06-02T22:10:47","guid":{"rendered":"https:\/\/www.sudoestehoje.com.br\/novoportal\/?p=110192"},"modified":"2023-06-02T19:10:47","modified_gmt":"2023-06-02T22:10:47","slug":"desemprego-na-regiao-reaberta-em-ano-eleitoral-renata-mello-fecha-fabricas-em-potiragua-e-maiquinique","status":"publish","type":"post","link":"https:\/\/www.sudoestehoje.com.br\/novoportal\/2023\/06\/02\/desemprego-na-regiao-reaberta-em-ano-eleitoral-renata-mello-fecha-fabricas-em-potiragua-e-maiquinique\/","title":{"rendered":"DESEMPREGO NA REGI\u00c3O | REABERTA EM ANO ELEITORAL, RENATA MELLO FECHA F\u00c1BRICAS EM POTIRAGU\u00c1 E MAIQUINIQUE"},"content":{"rendered":"<p><a href=\"https:\/\/www.sudoestehoje.com.br\/novoportal\/wp-content\/uploads\/2023\/06\/IMG_20230509_180853.jpg\"><img loading=\"lazy\" decoding=\"async\" class=\"aligncenter  wp-image-110195\" src=\"https:\/\/www.sudoestehoje.com.br\/novoportal\/wp-content\/uploads\/2023\/06\/IMG_20230509_180853-600x335.jpg\" alt=\"\" width=\"550\" height=\"307\" srcset=\"https:\/\/www.sudoestehoje.com.br\/novoportal\/wp-content\/uploads\/2023\/06\/IMG_20230509_180853-600x335.jpg 600w, https:\/\/www.sudoestehoje.com.br\/novoportal\/wp-content\/uploads\/2023\/06\/IMG_20230509_180853-700x391.jpg 700w, https:\/\/www.sudoestehoje.com.br\/novoportal\/wp-content\/uploads\/2023\/06\/IMG_20230509_180853-768x429.jpg 768w, https:\/\/www.sudoestehoje.com.br\/novoportal\/wp-content\/uploads\/2023\/06\/IMG_20230509_180853.jpg 1000w\" sizes=\"auto, (max-width: 550px) 100vw, 550px\" \/><\/a><\/p>\n<p><strong>Na esteira da campanha eleitoral do ano passado, prepostos do governo do estado e pol\u00edticos da sua base fomentaram a reabertura de duas unidades da f\u00e1bricas de cal\u00e7ados Renata Mello, nas cidades de Potiragu\u00e1 e Maiquinique, campe\u00e3s do desemprego no M\u00e9dio Sudoeste Baiano.<\/strong><\/p>\n<p><strong>Passada a elei\u00e7\u00e3o e comemorada a vit\u00f3ria da ala governista, n\u00e3o durou muito para que a alegria dos moradores desses munic\u00edpios acabasse, com o fechamento das duas unidades de forma abrupta, sem maiores explica\u00e7\u00f5es.<\/strong><\/p>\n<p><strong>Na regi\u00e3o, a Renata Mello \u00e9 conhecida como &#8220;abre e fecha&#8221;, deixando um rastro de desemprego e dificuldades por onde passa, sem pena nem d\u00f3.<\/strong><\/p>\n<p><strong>Da parte de &#8220;quem trouxe&#8221;, nenhuma gest\u00e3o foi feita para manter as fabricas na regi\u00e3o, nem promessas.<\/strong><\/p>\n<p><strong>Por Davi Ferraz<\/strong><\/p>\n","protected":false},"excerpt":{"rendered":"<p>Na esteira da campanha eleitoral do ano passado, prepostos do governo do estado e pol\u00edticos da sua base fomentaram a reabertura de duas unidades da f\u00e1bricas de cal\u00e7ados Renata Mello, nas cidades de Potiragu\u00e1 e Maiquinique, campe\u00e3s do desemprego no M\u00e9dio Sudoeste Baiano. Passada a elei\u00e7\u00e3o e comemorada a vit\u00f3ria da ala governista, n\u00e3o durou [&hellip;]<\/p>\n","protected":false},"author":2,"featured_media":110195,"comment_status":"closed","ping_status":"open","sticky":false,"template":"","format":"standard","meta":{"footnotes":"","_links_to":"","_links_to_target":""},"categories":[1],"tags":[],"class_list":["post-110192","post","type-post","status-publish","format-standard","has-post-thumbnail","hentry","category-geral"],"views":2102,"_links":{"self":[{"href":"https:\/\/www.sudoestehoje.com.br\/novoportal\/wp-json\/wp\/v2\/posts\/110192","targetHints":{"allow":["GET"]}}],"collection":[{"href":"https:\/\/www.sudoestehoje.com.br\/novoportal\/wp-json\/wp\/v2\/posts"}],"about":[{"href":"https:\/\/www.sudoestehoje.com.br\/novoportal\/wp-json\/wp\/v2\/types\/post"}],"author":[{"embeddable":true,"href":"https:\/\/www.sudoestehoje.com.br\/novoportal\/wp-json\/wp\/v2\/users\/2"}],"replies":[{"embeddable":true,"href":"https:\/\/www.sudoestehoje.com.br\/novoportal\/wp-json\/wp\/v2\/comments?post=110192"}],"version-history":[{"count":2,"href":"https:\/\/www.sudoestehoje.com.br\/novoportal\/wp-json\/wp\/v2\/posts\/110192\/revisions"}],"predecessor-version":[{"id":110196,"href":"https:\/\/www.sudoestehoje.com.br\/novoportal\/wp-json\/wp\/v2\/posts\/110192\/revisions\/110196"}],"wp:featuredmedia":[{"embeddable":true,"href":"https:\/\/www.sudoestehoje.com.br\/novoportal\/wp-json\/wp\/v2\/media\/110195"}],"wp:attachment":[{"href":"https:\/\/www.sudoestehoje.com.br\/novoportal\/wp-json\/wp\/v2\/media?parent=110192"}],"wp:term":[{"taxonomy":"category","embeddable":true,"href":"https:\/\/www.sudoestehoje.com.br\/novoportal\/wp-json\/wp\/v2\/categories?post=110192"},{"taxonomy":"post_tag","embeddable":true,"href":"https:\/\/www.sudoestehoje.com.br\/novoportal\/wp-json\/wp\/v2\/tags?post=110192"}],"curies":[{"name":"wp","href":"https:\/\/api.w.org\/{rel}","templated":true}]}}