
{"id":11018,"date":"2011-12-10T13:23:07","date_gmt":"2011-12-10T16:23:07","guid":{"rendered":"http:\/\/www.sudoestehoje.com.br\/novoportal\/?p=11018"},"modified":"2011-12-10T19:21:12","modified_gmt":"2011-12-10T22:21:12","slug":"mao-branca-e-pre-candidato-a-prefeito-de-conquista-2","status":"publish","type":"post","link":"https:\/\/www.sudoestehoje.com.br\/novoportal\/2011\/12\/10\/mao-branca-e-pre-candidato-a-prefeito-de-conquista-2\/","title":{"rendered":"M\u00c3O BRANCA \u00c9 PR\u00c9-CANDIDATO A PREFEITO DE CONQUISTA"},"content":{"rendered":"<p style=\"text-align: center;\"><img decoding=\"async\" src=\"http:\/\/farm8.staticflickr.com\/7013\/6488818149_b3a59a98f4.jpg\" alt=\"\" \/><\/p>\n<p>CONQUISTA: O presidente do Partido Verde na Bahia, Ivanilson Gomes, desembarcou no aeroporto de Vit\u00f3ria da Conquista na noite desta sexta-feira (9) para oficializar a pr\u00e9-candidatura do ex-deputado federal Edigar M\u00e3o Branca \u00e0 prefeitura do munic\u00edpio do sudoeste baiano. Segundo informa\u00e7\u00f5es do Blog do Anderson, a chegada de Ivanilson tem o objetivo de acalmar os \u00e2nimos entre os verdes de Conquista, que se dividem entre aqueles que defendem a pr\u00e9-candidatura de M\u00e3o Branca e os que desejam manter a alian\u00e7a com o PT para a reelei\u00e7\u00e3o do atual alcaide, Guilherme Menezes. Segundo o presidente estadual do PV, a conven\u00e7\u00e3o nacional da sigla, realizada no m\u00eas de novembro, decidiu pelo lan\u00e7amento de candidaturas nos munic\u00edpios que tenham canais de televis\u00e3o, ponto que favorece as pretens\u00f5es do forrozeiro.<\/p>\n<p>LAN\u00c7AMENTO<\/p>\n<p>Com a presen\u00e7a do radialista Herzem Gusm\u00e3o, pr\u00e9-candidato a prefeito de Vit\u00f3ria da Conquista pelo PMDB, o presidente do Partido Verde Baiano, Ivanilson Gomes, oficializou a pr\u00e9-candidatura do ex-deputado Edigar M\u00e3o Branca \u00e0 Sucess\u00e3o Municipal tamb\u00e9m em Vit\u00f3ria da Conquista. O evento que aconteceu na Igreja Nossa Senhora Rainha da Paz, na Zona Oeste da Cidade, contou com presen\u00e7as de lideran\u00e7as de v\u00e1rios munic\u00edpios do Sudoeste Baiano, que participaram da Confer\u00eancia Regional do PV.<\/p>\n<p>Blog do Anderson<\/p>\n","protected":false},"excerpt":{"rendered":"<p>CONQUISTA: O presidente do Partido Verde na Bahia, Ivanilson Gomes, desembarcou no aeroporto de Vit\u00f3ria da Conquista na noite desta sexta-feira (9) para oficializar a pr\u00e9-candidatura do ex-deputado federal Edigar M\u00e3o Branca \u00e0 prefeitura do munic\u00edpio do sudoeste baiano. Segundo informa\u00e7\u00f5es do Blog do Anderson, a chegada de Ivanilson tem o objetivo de acalmar os [&hellip;]<\/p>\n","protected":false},"author":2,"featured_media":0,"comment_status":"open","ping_status":"open","sticky":false,"template":"","format":"standard","meta":{"footnotes":"","_links_to":"","_links_to_target":""},"categories":[1],"tags":[],"class_list":["post-11018","post","type-post","status-publish","format-standard","hentry","category-geral"],"views":1080,"_links":{"self":[{"href":"https:\/\/www.sudoestehoje.com.br\/novoportal\/wp-json\/wp\/v2\/posts\/11018","targetHints":{"allow":["GET"]}}],"collection":[{"href":"https:\/\/www.sudoestehoje.com.br\/novoportal\/wp-json\/wp\/v2\/posts"}],"about":[{"href":"https:\/\/www.sudoestehoje.com.br\/novoportal\/wp-json\/wp\/v2\/types\/post"}],"author":[{"embeddable":true,"href":"https:\/\/www.sudoestehoje.com.br\/novoportal\/wp-json\/wp\/v2\/users\/2"}],"replies":[{"embeddable":true,"href":"https:\/\/www.sudoestehoje.com.br\/novoportal\/wp-json\/wp\/v2\/comments?post=11018"}],"version-history":[{"count":6,"href":"https:\/\/www.sudoestehoje.com.br\/novoportal\/wp-json\/wp\/v2\/posts\/11018\/revisions"}],"predecessor-version":[{"id":11022,"href":"https:\/\/www.sudoestehoje.com.br\/novoportal\/wp-json\/wp\/v2\/posts\/11018\/revisions\/11022"}],"wp:attachment":[{"href":"https:\/\/www.sudoestehoje.com.br\/novoportal\/wp-json\/wp\/v2\/media?parent=11018"}],"wp:term":[{"taxonomy":"category","embeddable":true,"href":"https:\/\/www.sudoestehoje.com.br\/novoportal\/wp-json\/wp\/v2\/categories?post=11018"},{"taxonomy":"post_tag","embeddable":true,"href":"https:\/\/www.sudoestehoje.com.br\/novoportal\/wp-json\/wp\/v2\/tags?post=11018"}],"curies":[{"name":"wp","href":"https:\/\/api.w.org\/{rel}","templated":true}]}}