
{"id":110175,"date":"2023-06-02T09:57:28","date_gmt":"2023-06-02T12:57:28","guid":{"rendered":"https:\/\/www.sudoestehoje.com.br\/novoportal\/?p=110175"},"modified":"2023-06-02T10:02:26","modified_gmt":"2023-06-02T13:02:26","slug":"itororo-sem-apoio-do-governo-festsol-pode-ser-cancelado-pela-prefeitura","status":"publish","type":"post","link":"https:\/\/www.sudoestehoje.com.br\/novoportal\/2023\/06\/02\/itororo-sem-apoio-do-governo-festsol-pode-ser-cancelado-pela-prefeitura\/","title":{"rendered":"ITOROR\u00d3 | SEM APOIO DO GOVERNO, FESTSOL PODE SER CANCELADO PELA PREFEITURA"},"content":{"rendered":"<p><a href=\"https:\/\/www.sudoestehoje.com.br\/novoportal\/wp-content\/uploads\/2023\/06\/IMG_8058-500x400-2.jpg\"><img loading=\"lazy\" decoding=\"async\" class=\"aligncenter size-full wp-image-110181\" src=\"https:\/\/www.sudoestehoje.com.br\/novoportal\/wp-content\/uploads\/2023\/06\/IMG_8058-500x400-2.jpg\" alt=\"\" width=\"500\" height=\"309\" \/><\/a><\/p>\n<p><strong>O tradicional FESTSOL, festa junina badalada da cidade de Itoror\u00f3, no M\u00e9dio Sudoeste, ainda n\u00e3o foi confirmada e corre o risco de ser cancelada pela administra\u00e7\u00e3o do prefeito Paulo Rios (PP), parceiro arrependido do governo do estado, por absoluta falta de recursos.<\/strong><\/p>\n<p><strong>De acordo com fontes ligadas \u00e0 administra\u00e7\u00e3o municipal, o prefeito esperava contar com a &#8216;for\u00e7a e prest\u00edgio&#8217; do conterr\u00e2neo deputado Rosemberg Pinto (PT), junto ao governo, mas o parlamentar j\u00e1 &#8216;desenganou&#8217; o seu correligion\u00e1rio, dizendo taxativamente que esse apoio n\u00e3o deve chegar.\u00a0<\/strong><\/p>\n<p><strong>Cobrado pela imprensa e correligion\u00e1rios, Rosemberg declarou que <em>&#8220;quem tem que dizer se vai ter ou n\u00e3o, \u00e9 o caixa da prefeitura&#8230;&#8221;<\/em>, matando todas as esperan\u00e7as dos itororoenses, defensores ferrenhos da realiza\u00e7\u00e3o da badalada festa. <\/strong><\/p>\n<p><strong><em>Confira v\u00eddeo montagem postado nas redes sociais<\/em>:<\/strong><\/p>\n<div style=\"width: 576px;\" class=\"wp-video\"><!--[if lt IE 9]><script>document.createElement('video');<\/script><![endif]-->\n<video class=\"wp-video-shortcode\" id=\"video-110175-1\" width=\"576\" height=\"1024\" preload=\"metadata\" controls=\"controls\"><source type=\"video\/mp4\" src=\"https:\/\/www.sudoestehoje.com.br\/novoportal\/wp-content\/uploads\/2023\/06\/WhatsApp-Video-2023-06-01-at-12.12.44.mp4?_=1\" \/><a href=\"https:\/\/www.sudoestehoje.com.br\/novoportal\/wp-content\/uploads\/2023\/06\/WhatsApp-Video-2023-06-01-at-12.12.44.mp4\">https:\/\/www.sudoestehoje.com.br\/novoportal\/wp-content\/uploads\/2023\/06\/WhatsApp-Video-2023-06-01-at-12.12.44.mp4<\/a><\/video><\/div>\n<p><strong>Por Davi Ferraz<\/strong><\/p>\n","protected":false},"excerpt":{"rendered":"<p>O tradicional FESTSOL, festa junina badalada da cidade de Itoror\u00f3, no M\u00e9dio Sudoeste, ainda n\u00e3o foi confirmada e corre o risco de ser cancelada pela administra\u00e7\u00e3o do prefeito Paulo Rios (PP), parceiro arrependido do governo do estado, por absoluta falta de recursos. De acordo com fontes ligadas \u00e0 administra\u00e7\u00e3o municipal, o prefeito esperava contar com [&hellip;]<\/p>\n","protected":false},"author":2,"featured_media":110181,"comment_status":"closed","ping_status":"open","sticky":false,"template":"","format":"standard","meta":{"footnotes":"","_links_to":"","_links_to_target":""},"categories":[1],"tags":[],"class_list":["post-110175","post","type-post","status-publish","format-standard","has-post-thumbnail","hentry","category-geral"],"views":1043,"_links":{"self":[{"href":"https:\/\/www.sudoestehoje.com.br\/novoportal\/wp-json\/wp\/v2\/posts\/110175","targetHints":{"allow":["GET"]}}],"collection":[{"href":"https:\/\/www.sudoestehoje.com.br\/novoportal\/wp-json\/wp\/v2\/posts"}],"about":[{"href":"https:\/\/www.sudoestehoje.com.br\/novoportal\/wp-json\/wp\/v2\/types\/post"}],"author":[{"embeddable":true,"href":"https:\/\/www.sudoestehoje.com.br\/novoportal\/wp-json\/wp\/v2\/users\/2"}],"replies":[{"embeddable":true,"href":"https:\/\/www.sudoestehoje.com.br\/novoportal\/wp-json\/wp\/v2\/comments?post=110175"}],"version-history":[{"count":5,"href":"https:\/\/www.sudoestehoje.com.br\/novoportal\/wp-json\/wp\/v2\/posts\/110175\/revisions"}],"predecessor-version":[{"id":110183,"href":"https:\/\/www.sudoestehoje.com.br\/novoportal\/wp-json\/wp\/v2\/posts\/110175\/revisions\/110183"}],"wp:featuredmedia":[{"embeddable":true,"href":"https:\/\/www.sudoestehoje.com.br\/novoportal\/wp-json\/wp\/v2\/media\/110181"}],"wp:attachment":[{"href":"https:\/\/www.sudoestehoje.com.br\/novoportal\/wp-json\/wp\/v2\/media?parent=110175"}],"wp:term":[{"taxonomy":"category","embeddable":true,"href":"https:\/\/www.sudoestehoje.com.br\/novoportal\/wp-json\/wp\/v2\/categories?post=110175"},{"taxonomy":"post_tag","embeddable":true,"href":"https:\/\/www.sudoestehoje.com.br\/novoportal\/wp-json\/wp\/v2\/tags?post=110175"}],"curies":[{"name":"wp","href":"https:\/\/api.w.org\/{rel}","templated":true}]}}