
{"id":110163,"date":"2023-06-01T11:19:54","date_gmt":"2023-06-01T14:19:54","guid":{"rendered":"https:\/\/www.sudoestehoje.com.br\/novoportal\/?p=110163"},"modified":"2023-06-01T11:19:54","modified_gmt":"2023-06-01T14:19:54","slug":"gas-de-cozinha-cai-11-a-partir-desta-quinta-feira-em-toda-a-bahia","status":"publish","type":"post","link":"https:\/\/www.sudoestehoje.com.br\/novoportal\/2023\/06\/01\/gas-de-cozinha-cai-11-a-partir-desta-quinta-feira-em-toda-a-bahia\/","title":{"rendered":"G\u00c1S DE COZINHA CAI 11% A PARTIR DESTA QUINTA-FEIRA EM TODA A BAHIA"},"content":{"rendered":"<p><a href=\"https:\/\/www.sudoestehoje.com.br\/novoportal\/wp-content\/uploads\/2023\/06\/1_pri_2810_0402_l_21_cor-6973336.webp\"><img loading=\"lazy\" decoding=\"async\" class=\"aligncenter  wp-image-110164\" src=\"https:\/\/www.sudoestehoje.com.br\/novoportal\/wp-content\/uploads\/2023\/06\/1_pri_2810_0402_l_21_cor-6973336-600x400.webp\" alt=\"\" width=\"551\" height=\"367\" srcset=\"https:\/\/www.sudoestehoje.com.br\/novoportal\/wp-content\/uploads\/2023\/06\/1_pri_2810_0402_l_21_cor-6973336-600x400.webp 600w, https:\/\/www.sudoestehoje.com.br\/novoportal\/wp-content\/uploads\/2023\/06\/1_pri_2810_0402_l_21_cor-6973336.webp 675w\" sizes=\"auto, (max-width: 551px) 100vw, 551px\" \/><\/a><\/p>\n<p><strong>Junho come\u00e7a com uma boa not\u00edcia para os baianos, especialmente para o bolso dos consumidores. A Acelen, empresa respons\u00e1vel pela administra\u00e7\u00e3o da Refinaria Mataripe, anunciou uma redu\u00e7\u00e3o significativa no valor do g\u00e1s de cozinha, beneficiando as distribuidoras a partir desta quinta-feira (1\u00ba).<\/strong><\/p>\n<p><strong>Seguindo sua pol\u00edtica de revis\u00e3o mensal de pre\u00e7os, a Acelen implementou um desconto de 11% no g\u00e1s de cozinha, marcando a terceira redu\u00e7\u00e3o consecutiva do botij\u00e3o neste ano.<\/strong><\/p>\n<p><strong> Com essa redu\u00e7\u00e3o, o Sindicato dos Revendedores de G\u00e1s de Cozinha (Sindrevgas) estima que o produto fique, em m\u00e9dia, R$ 5 mais barato em toda a Bahia.<\/strong><\/p>\n","protected":false},"excerpt":{"rendered":"<p>Junho come\u00e7a com uma boa not\u00edcia para os baianos, especialmente para o bolso dos consumidores. A Acelen, empresa respons\u00e1vel pela administra\u00e7\u00e3o da Refinaria Mataripe, anunciou uma redu\u00e7\u00e3o significativa no valor do g\u00e1s de cozinha, beneficiando as distribuidoras a partir desta quinta-feira (1\u00ba). Seguindo sua pol\u00edtica de revis\u00e3o mensal de pre\u00e7os, a Acelen implementou um desconto [&hellip;]<\/p>\n","protected":false},"author":2,"featured_media":110164,"comment_status":"closed","ping_status":"open","sticky":false,"template":"","format":"standard","meta":{"footnotes":"","_links_to":"","_links_to_target":""},"categories":[1],"tags":[],"class_list":["post-110163","post","type-post","status-publish","format-standard","has-post-thumbnail","hentry","category-geral"],"views":775,"_links":{"self":[{"href":"https:\/\/www.sudoestehoje.com.br\/novoportal\/wp-json\/wp\/v2\/posts\/110163","targetHints":{"allow":["GET"]}}],"collection":[{"href":"https:\/\/www.sudoestehoje.com.br\/novoportal\/wp-json\/wp\/v2\/posts"}],"about":[{"href":"https:\/\/www.sudoestehoje.com.br\/novoportal\/wp-json\/wp\/v2\/types\/post"}],"author":[{"embeddable":true,"href":"https:\/\/www.sudoestehoje.com.br\/novoportal\/wp-json\/wp\/v2\/users\/2"}],"replies":[{"embeddable":true,"href":"https:\/\/www.sudoestehoje.com.br\/novoportal\/wp-json\/wp\/v2\/comments?post=110163"}],"version-history":[{"count":3,"href":"https:\/\/www.sudoestehoje.com.br\/novoportal\/wp-json\/wp\/v2\/posts\/110163\/revisions"}],"predecessor-version":[{"id":110167,"href":"https:\/\/www.sudoestehoje.com.br\/novoportal\/wp-json\/wp\/v2\/posts\/110163\/revisions\/110167"}],"wp:featuredmedia":[{"embeddable":true,"href":"https:\/\/www.sudoestehoje.com.br\/novoportal\/wp-json\/wp\/v2\/media\/110164"}],"wp:attachment":[{"href":"https:\/\/www.sudoestehoje.com.br\/novoportal\/wp-json\/wp\/v2\/media?parent=110163"}],"wp:term":[{"taxonomy":"category","embeddable":true,"href":"https:\/\/www.sudoestehoje.com.br\/novoportal\/wp-json\/wp\/v2\/categories?post=110163"},{"taxonomy":"post_tag","embeddable":true,"href":"https:\/\/www.sudoestehoje.com.br\/novoportal\/wp-json\/wp\/v2\/tags?post=110163"}],"curies":[{"name":"wp","href":"https:\/\/api.w.org\/{rel}","templated":true}]}}