
{"id":110140,"date":"2023-05-31T12:49:41","date_gmt":"2023-05-31T15:49:41","guid":{"rendered":"https:\/\/www.sudoestehoje.com.br\/novoportal\/?p=110140"},"modified":"2023-05-31T12:49:41","modified_gmt":"2023-05-31T15:49:41","slug":"prefeita-de-maiquinique-pede-asfaltamento-da-rodovia-entre-maiquinique-e-divisa-de-minas-gerais-jordania","status":"publish","type":"post","link":"https:\/\/www.sudoestehoje.com.br\/novoportal\/2023\/05\/31\/prefeita-de-maiquinique-pede-asfaltamento-da-rodovia-entre-maiquinique-e-divisa-de-minas-gerais-jordania\/","title":{"rendered":"PREFEITA DE MAIQUINIQUE PEDE ASFALTAMENTO DA RODOVIA ENTRE MAIQUINIQUE E DIVISA DE MINAS GERAIS &#8211; JORD\u00c2NIA"},"content":{"rendered":"<div dir=\"auto\">\n<p><a href=\"https:\/\/www.sudoestehoje.com.br\/novoportal\/wp-content\/uploads\/2023\/05\/valeria.jpg\"><img loading=\"lazy\" decoding=\"async\" class=\"aligncenter  wp-image-110142\" src=\"https:\/\/www.sudoestehoje.com.br\/novoportal\/wp-content\/uploads\/2023\/05\/valeria.jpg\" alt=\"\" width=\"508\" height=\"335\" \/><\/a><\/p>\n<p><strong>Nesta quarta-feira (31), a prefeita de Maiquinique, Val\u00e9ria Silveira, protocolou of\u00edcio junto ao Secret\u00e1rio Estadual de Infraestrutura, S\u00e9rgio Brito, solicitando o asfaltamento de 31 quil\u00f4metros da BA-130, ligando o seu munic\u00edpio \u00e0 divisa de Minas Gerais, nas proximidades do munic\u00edpio mineiro de Jord\u00e2nia.<\/strong><\/p>\n<p><strong>Segundo a prefeita Val\u00e9ria, a pavimenta\u00e7\u00e3o da liga\u00e7\u00e3o entre Maiquinique e Jord\u00e2nia abre um corredor importante ligando a Bahia a Minas, reduzindo a dist\u00e2ncia entre o Sudoeste e o Extremo Sul, al\u00e9m de integrar toda a regi\u00e3o e favorecer o seu desenvolvimento econ\u00f4mico.<\/strong><\/p>\n<p><strong>Conhecedor das demandas da regi\u00e3o, o secret\u00e1rio S\u00e9rgio Brito assumiu o compromisso de realizar os estudos para viabilizar o pleito, que julga de suma import\u00e2ncia para a integra\u00e7\u00e3o da regi\u00e3o ao Vale do Jequitinhonha.<\/strong><\/p>\n<p><strong>Por Davi Ferraz<\/strong><\/p>\n<\/div>\n<div dir=\"auto\"><\/div>\n","protected":false},"excerpt":{"rendered":"<p>Nesta quarta-feira (31), a prefeita de Maiquinique, Val\u00e9ria Silveira, protocolou of\u00edcio junto ao Secret\u00e1rio Estadual de Infraestrutura, S\u00e9rgio Brito, solicitando o asfaltamento de 31 quil\u00f4metros da BA-130, ligando o seu munic\u00edpio \u00e0 divisa de Minas Gerais, nas proximidades do munic\u00edpio mineiro de Jord\u00e2nia. Segundo a prefeita Val\u00e9ria, a pavimenta\u00e7\u00e3o da liga\u00e7\u00e3o entre Maiquinique e Jord\u00e2nia [&hellip;]<\/p>\n","protected":false},"author":2,"featured_media":110142,"comment_status":"closed","ping_status":"open","sticky":false,"template":"","format":"standard","meta":{"footnotes":"","_links_to":"","_links_to_target":""},"categories":[1],"tags":[],"class_list":["post-110140","post","type-post","status-publish","format-standard","has-post-thumbnail","hentry","category-geral"],"views":1301,"_links":{"self":[{"href":"https:\/\/www.sudoestehoje.com.br\/novoportal\/wp-json\/wp\/v2\/posts\/110140","targetHints":{"allow":["GET"]}}],"collection":[{"href":"https:\/\/www.sudoestehoje.com.br\/novoportal\/wp-json\/wp\/v2\/posts"}],"about":[{"href":"https:\/\/www.sudoestehoje.com.br\/novoportal\/wp-json\/wp\/v2\/types\/post"}],"author":[{"embeddable":true,"href":"https:\/\/www.sudoestehoje.com.br\/novoportal\/wp-json\/wp\/v2\/users\/2"}],"replies":[{"embeddable":true,"href":"https:\/\/www.sudoestehoje.com.br\/novoportal\/wp-json\/wp\/v2\/comments?post=110140"}],"version-history":[{"count":7,"href":"https:\/\/www.sudoestehoje.com.br\/novoportal\/wp-json\/wp\/v2\/posts\/110140\/revisions"}],"predecessor-version":[{"id":110148,"href":"https:\/\/www.sudoestehoje.com.br\/novoportal\/wp-json\/wp\/v2\/posts\/110140\/revisions\/110148"}],"wp:featuredmedia":[{"embeddable":true,"href":"https:\/\/www.sudoestehoje.com.br\/novoportal\/wp-json\/wp\/v2\/media\/110142"}],"wp:attachment":[{"href":"https:\/\/www.sudoestehoje.com.br\/novoportal\/wp-json\/wp\/v2\/media?parent=110140"}],"wp:term":[{"taxonomy":"category","embeddable":true,"href":"https:\/\/www.sudoestehoje.com.br\/novoportal\/wp-json\/wp\/v2\/categories?post=110140"},{"taxonomy":"post_tag","embeddable":true,"href":"https:\/\/www.sudoestehoje.com.br\/novoportal\/wp-json\/wp\/v2\/tags?post=110140"}],"curies":[{"name":"wp","href":"https:\/\/api.w.org\/{rel}","templated":true}]}}