
{"id":110135,"date":"2023-05-31T11:02:41","date_gmt":"2023-05-31T14:02:41","guid":{"rendered":"https:\/\/www.sudoestehoje.com.br\/novoportal\/?p=110135"},"modified":"2023-05-31T11:02:41","modified_gmt":"2023-05-31T14:02:41","slug":"regiao-primeira-etapa-da-vacinacao-contra-febre-aftosa-encerra-nesta-quarta","status":"publish","type":"post","link":"https:\/\/www.sudoestehoje.com.br\/novoportal\/2023\/05\/31\/regiao-primeira-etapa-da-vacinacao-contra-febre-aftosa-encerra-nesta-quarta\/","title":{"rendered":"REGI\u00c3O | PRIMEIRA ETAPA DA VACINA\u00c7\u00c3O CONTRA FEBRE AFTOSA ENCERRA NESTA QUARTA"},"content":{"rendered":"<p><a href=\"https:\/\/www.sudoestehoje.com.br\/novoportal\/wp-content\/uploads\/2023\/05\/up_ag_20354_71e22b62-11e0-ceff-c983-1a917a03290d.jpg\"><img loading=\"lazy\" decoding=\"async\" class=\"aligncenter  wp-image-110137\" src=\"https:\/\/www.sudoestehoje.com.br\/novoportal\/wp-content\/uploads\/2023\/05\/up_ag_20354_71e22b62-11e0-ceff-c983-1a917a03290d-600x400.jpg\" alt=\"\" width=\"551\" height=\"367\" srcset=\"https:\/\/www.sudoestehoje.com.br\/novoportal\/wp-content\/uploads\/2023\/05\/up_ag_20354_71e22b62-11e0-ceff-c983-1a917a03290d-600x400.jpg 600w, https:\/\/www.sudoestehoje.com.br\/novoportal\/wp-content\/uploads\/2023\/05\/up_ag_20354_71e22b62-11e0-ceff-c983-1a917a03290d-700x467.jpg 700w, https:\/\/www.sudoestehoje.com.br\/novoportal\/wp-content\/uploads\/2023\/05\/up_ag_20354_71e22b62-11e0-ceff-c983-1a917a03290d-768x512.jpg 768w, https:\/\/www.sudoestehoje.com.br\/novoportal\/wp-content\/uploads\/2023\/05\/up_ag_20354_71e22b62-11e0-ceff-c983-1a917a03290d.jpg 1300w\" sizes=\"auto, (max-width: 551px) 100vw, 551px\" \/><\/a><\/p>\n<p><strong>Os criadores de bovinos e bubalinos (b\u00fafalos) de todo o estado t\u00eam at\u00e9 quarta-feira (31) para adquirir as vacinas contra a Febre Aftosa, conforme calend\u00e1rio da Ag\u00eancia de Defesa Agropecu\u00e1ria da Bahia (Adab). Cerca de 55% do rebanho consta como vacinado e j\u00e1 declarado no sistema da ag\u00eancia.<\/strong><\/p>\n<p><strong>O prazo regulamentar para a declara\u00e7\u00e3o de vacina\u00e7\u00e3o dos animais de todas as idades \u00e9 at\u00e9 19 de junho. Segundo a Adab, a I Etapa da Campanha de Vacina\u00e7\u00e3o contra a Febre Aftosa n\u00e3o ter\u00e1 prorroga\u00e7\u00e3o e a partir do de quinta-feira (1\u00b0), a venda de vacinas s\u00f3 poder\u00e1 ocorrer mediante autoriza\u00e7\u00e3o da ag\u00eancia.<\/strong><\/p>\n<p><strong>O rebanho baiano est\u00e1 estimado em 12,5 milh\u00f5es de cabe\u00e7as e, at\u00e9 a manh\u00e3 desta ter\u00e7a, cerca de 10,5 milh\u00f5es de doses j\u00e1 foram comercializadas. Ainda est\u00e3o dispon\u00edveis aproximadamente 6,5 milh\u00f5es de doses em estoque nas distribuidoras e revendas de todo estado.<\/strong><\/p>\n<p><strong>Os produtores que ainda n\u00e3o fizeram a declara\u00e7\u00e3o da vacina\u00e7\u00e3o e a geolocaliza\u00e7\u00e3o de suas propriedades devem procurar o escrit\u00f3rio da ag\u00eancia mais pr\u00f3ximo \u00e0 sua fazenda para finalizar os procedimentos desta etapa.<\/strong><\/p>\n<p><strong>Ap\u00f3s a vacina\u00e7\u00e3o dos animais, o produtor deve fazer a declara\u00e7\u00e3o da vacina\u00e7\u00e3o. O procedimento pode ser realizado atrav\u00e9s do site da Adab ou em qualquer escrit\u00f3rio da Ag\u00eancia. \u00c9 preciso apresentar a rela\u00e7\u00e3o de bovinos e bubalinos nascidos, mortos e vacinados, discriminados por quantidade, sexo e idade, juntamente com a nota ou cupom fiscal de compra da vacina.<\/strong><\/p>\n","protected":false},"excerpt":{"rendered":"<p>Os criadores de bovinos e bubalinos (b\u00fafalos) de todo o estado t\u00eam at\u00e9 quarta-feira (31) para adquirir as vacinas contra a Febre Aftosa, conforme calend\u00e1rio da Ag\u00eancia de Defesa Agropecu\u00e1ria da Bahia (Adab). Cerca de 55% do rebanho consta como vacinado e j\u00e1 declarado no sistema da ag\u00eancia. O prazo regulamentar para a declara\u00e7\u00e3o de [&hellip;]<\/p>\n","protected":false},"author":2,"featured_media":110137,"comment_status":"closed","ping_status":"open","sticky":false,"template":"","format":"standard","meta":{"footnotes":"","_links_to":"","_links_to_target":""},"categories":[1],"tags":[],"class_list":["post-110135","post","type-post","status-publish","format-standard","has-post-thumbnail","hentry","category-geral"],"views":749,"_links":{"self":[{"href":"https:\/\/www.sudoestehoje.com.br\/novoportal\/wp-json\/wp\/v2\/posts\/110135","targetHints":{"allow":["GET"]}}],"collection":[{"href":"https:\/\/www.sudoestehoje.com.br\/novoportal\/wp-json\/wp\/v2\/posts"}],"about":[{"href":"https:\/\/www.sudoestehoje.com.br\/novoportal\/wp-json\/wp\/v2\/types\/post"}],"author":[{"embeddable":true,"href":"https:\/\/www.sudoestehoje.com.br\/novoportal\/wp-json\/wp\/v2\/users\/2"}],"replies":[{"embeddable":true,"href":"https:\/\/www.sudoestehoje.com.br\/novoportal\/wp-json\/wp\/v2\/comments?post=110135"}],"version-history":[{"count":3,"href":"https:\/\/www.sudoestehoje.com.br\/novoportal\/wp-json\/wp\/v2\/posts\/110135\/revisions"}],"predecessor-version":[{"id":110139,"href":"https:\/\/www.sudoestehoje.com.br\/novoportal\/wp-json\/wp\/v2\/posts\/110135\/revisions\/110139"}],"wp:featuredmedia":[{"embeddable":true,"href":"https:\/\/www.sudoestehoje.com.br\/novoportal\/wp-json\/wp\/v2\/media\/110137"}],"wp:attachment":[{"href":"https:\/\/www.sudoestehoje.com.br\/novoportal\/wp-json\/wp\/v2\/media?parent=110135"}],"wp:term":[{"taxonomy":"category","embeddable":true,"href":"https:\/\/www.sudoestehoje.com.br\/novoportal\/wp-json\/wp\/v2\/categories?post=110135"},{"taxonomy":"post_tag","embeddable":true,"href":"https:\/\/www.sudoestehoje.com.br\/novoportal\/wp-json\/wp\/v2\/tags?post=110135"}],"curies":[{"name":"wp","href":"https:\/\/api.w.org\/{rel}","templated":true}]}}