
{"id":11013,"date":"2011-12-10T23:18:12","date_gmt":"2011-12-11T02:18:12","guid":{"rendered":"http:\/\/www.sudoestehoje.com.br\/novoportal\/?p=11013"},"modified":"2011-12-10T23:21:06","modified_gmt":"2011-12-11T02:21:06","slug":"azaleia-volta-a-demitir","status":"publish","type":"post","link":"https:\/\/www.sudoestehoje.com.br\/novoportal\/2011\/12\/10\/azaleia-volta-a-demitir\/","title":{"rendered":"AZAL\u00c9IA VOLTA A DEMITIR"},"content":{"rendered":"<p style=\"text-align: center;\"><img decoding=\"async\" class=\"aligncenter\" src=\"http:\/\/assets2.exame.abril.com.br\/assets\/pictures\/43852\/size_590_fabrica-calcados.jpg?1321298241\" alt=\"\" width=\"500\" \/><\/p>\n<p style=\"text-align: center;\"><em><strong>Linha de produ\u00e7\u00e3o da f\u00e1brica Vulcabras\/Azal\u00e9ia<\/strong><\/em><\/p>\n<p>ITAPETINGA: Ap\u00f3s superar um per\u00edodo de grave crise causada pelas concorr\u00eancia dos cal\u00e7ados chineses, a Vulcabras\/Azal\u00e9ia, ind\u00fastria que mais gera empregos na Bahia, volta \u00e0s suas famosas demiss\u00f5es em massa, causando grande apreens\u00e3o nos meios econ\u00f4micos e pol\u00edticos do Estado.<\/p>\n<p>No decorrer da semana, houve um verdadeiro &#8216;burburinho&#8217; na Assembl\u00e9ia Legislativa, onde a noticia de que a Azal\u00e9ia voltara a demitir, caiu feito uma bomba. Deputados governistas e oposicionistas sa\u00edram um busca de informa\u00e7\u00f5es, preocupados com os efeitos de uma nova onda de demiss\u00f5es, que j\u00e1 chegou a amea\u00e7ar a perman\u00eancia da importante ind\u00fastria na regi\u00e3o de Itapetinga, na crise que come\u00e7ou no ano passado e s\u00f3 foi estancada em meados deste ano, com a promessa do governo em liberar financiamentos para a empresa.<\/p>\n<p>Sa\u00edmos em busca de informa\u00e7\u00f5es a respeito dessa nova onda de demiss\u00f5es e apuramos o seguinte: a Azal\u00e9ia est\u00e1, de fato, demitindo funcion\u00e1rios quase que diariamente, da mesma forma que ocorreu no ano passado, dando &#8216;prefer\u00eancia&#8217; aos oper\u00e1rios &#8216;faltosos&#8217; e de &#8216;fraco desempenho&#8217;. Entretanto, nada pudemos apurar em rela\u00e7\u00e3o \u00e0 quantidade de demitidos, nem a respeito da &#8216;meta&#8217; da empresa, em rela\u00e7\u00e3o a essas demiss\u00f5es.<\/p>\n<p>Alguns funcion\u00e1rios e sindicalistas falam que a empresa pretende demitir entre 1000 a 3000 oper\u00e1rios, e que o principal motivo seria o descumprimento do governo, em rela\u00e7\u00e3o ao acordo que foi assinado com a empresa, para libera\u00e7\u00e3o da \u00faltima parcela do empr\u00e9stimo de R$ 63 milh\u00f5es, que n\u00e3o teria sido liberada at\u00e9 hoje, apesar da enorme propaganda dos petistas, estaduais e locais, que posaram como verdadeiros &#8216;salvadores da p\u00e1tria&#8217;, na \u00faltima crise da Azal\u00e9ia.<\/p>\n<p>Espera-se da empresa, do sindicato e do governo, uma explica\u00e7\u00e3o sobre essa nova onda de demiss\u00f5es, que volta a preocupar toda a comunidade regional.<\/p>\n<p><em><strong>Por DAVI FERRAZ<\/strong><\/em><\/p>\n","protected":false},"excerpt":{"rendered":"<p>Linha de produ\u00e7\u00e3o da f\u00e1brica Vulcabras\/Azal\u00e9ia ITAPETINGA: Ap\u00f3s superar um per\u00edodo de grave crise causada pelas concorr\u00eancia dos cal\u00e7ados chineses, a Vulcabras\/Azal\u00e9ia, ind\u00fastria que mais gera empregos na Bahia, volta \u00e0s suas famosas demiss\u00f5es em massa, causando grande apreens\u00e3o nos meios econ\u00f4micos e pol\u00edticos do Estado. No decorrer da semana, houve um verdadeiro &#8216;burburinho&#8217; na [&hellip;]<\/p>\n","protected":false},"author":2,"featured_media":0,"comment_status":"open","ping_status":"open","sticky":false,"template":"","format":"standard","meta":{"footnotes":"","_links_to":"","_links_to_target":""},"categories":[1],"tags":[],"class_list":["post-11013","post","type-post","status-publish","format-standard","hentry","category-geral"],"views":2268,"_links":{"self":[{"href":"https:\/\/www.sudoestehoje.com.br\/novoportal\/wp-json\/wp\/v2\/posts\/11013","targetHints":{"allow":["GET"]}}],"collection":[{"href":"https:\/\/www.sudoestehoje.com.br\/novoportal\/wp-json\/wp\/v2\/posts"}],"about":[{"href":"https:\/\/www.sudoestehoje.com.br\/novoportal\/wp-json\/wp\/v2\/types\/post"}],"author":[{"embeddable":true,"href":"https:\/\/www.sudoestehoje.com.br\/novoportal\/wp-json\/wp\/v2\/users\/2"}],"replies":[{"embeddable":true,"href":"https:\/\/www.sudoestehoje.com.br\/novoportal\/wp-json\/wp\/v2\/comments?post=11013"}],"version-history":[{"count":5,"href":"https:\/\/www.sudoestehoje.com.br\/novoportal\/wp-json\/wp\/v2\/posts\/11013\/revisions"}],"predecessor-version":[{"id":11016,"href":"https:\/\/www.sudoestehoje.com.br\/novoportal\/wp-json\/wp\/v2\/posts\/11013\/revisions\/11016"}],"wp:attachment":[{"href":"https:\/\/www.sudoestehoje.com.br\/novoportal\/wp-json\/wp\/v2\/media?parent=11013"}],"wp:term":[{"taxonomy":"category","embeddable":true,"href":"https:\/\/www.sudoestehoje.com.br\/novoportal\/wp-json\/wp\/v2\/categories?post=11013"},{"taxonomy":"post_tag","embeddable":true,"href":"https:\/\/www.sudoestehoje.com.br\/novoportal\/wp-json\/wp\/v2\/tags?post=11013"}],"curies":[{"name":"wp","href":"https:\/\/api.w.org\/{rel}","templated":true}]}}