
{"id":110129,"date":"2023-05-31T10:34:11","date_gmt":"2023-05-31T13:34:11","guid":{"rendered":"https:\/\/www.sudoestehoje.com.br\/novoportal\/?p=110129"},"modified":"2023-05-31T10:35:15","modified_gmt":"2023-05-31T13:35:15","slug":"deputados-reclamam-da-falta-de-traquejo-politico-de-rui-costa-ministro-da-casa-civil","status":"publish","type":"post","link":"https:\/\/www.sudoestehoje.com.br\/novoportal\/2023\/05\/31\/deputados-reclamam-da-falta-de-traquejo-politico-de-rui-costa-ministro-da-casa-civil\/","title":{"rendered":"DEPUTADOS RECLAMAM DA &#8216;FALTA DE TRAQUEJO POL\u00cdTICO&#8217; DE RUI COSTA, MINISTRO DA CASA CIVIL"},"content":{"rendered":"<p><a href=\"https:\/\/www.sudoestehoje.com.br\/novoportal\/wp-content\/uploads\/2023\/05\/RUI.png\"><img loading=\"lazy\" decoding=\"async\" class=\"aligncenter wp-image-110133\" src=\"https:\/\/www.sudoestehoje.com.br\/novoportal\/wp-content\/uploads\/2023\/05\/RUI-600x318.png\" alt=\"\" width=\"551\" height=\"292\" srcset=\"https:\/\/www.sudoestehoje.com.br\/novoportal\/wp-content\/uploads\/2023\/05\/RUI-600x318.png 600w, https:\/\/www.sudoestehoje.com.br\/novoportal\/wp-content\/uploads\/2023\/05\/RUI-700x371.png 700w, https:\/\/www.sudoestehoje.com.br\/novoportal\/wp-content\/uploads\/2023\/05\/RUI-768x407.png 768w, https:\/\/www.sudoestehoje.com.br\/novoportal\/wp-content\/uploads\/2023\/05\/RUI.png 1000w\" sizes=\"auto, (max-width: 551px) 100vw, 551px\" \/><\/a><\/p>\n<p><strong>O l\u00edder do governo na C\u00e2mara, Jos\u00e9 Guimar\u00e3es (PT-CE), ouviu reclama\u00e7\u00f5es por parte de parlamentares pela demora na libera\u00e7\u00e3o de cargos e emendas e pela falta de interlocu\u00e7\u00e3o dos deputados com ministros do governo e o presidente Luiz In\u00e1cio Lula da Silva (PT). Um dos alvos das cr\u00edticas foi o ministro da Casa Civil, Rui Costa.<\/strong><\/p>\n<p><strong>Rui \u00e9 apontado como respons\u00e1vel pela demora na libera\u00e7\u00e3o de emendas, cargos e falta de traquejo pol\u00edtico. Segundo a\u00a0<em>Folha de S. Paulo<\/em>, deputados reclamam que ele n\u00e3o os recebe e tenta, sem articular, adotar medidas que driblam o Congresso, como o decreto do marco do saneamento.<\/strong><\/p>\n<p><strong>Diante disso, o governo vem trabalhando para evitar um novo rev\u00e9s com a MP (medida provis\u00f3ria) que trata da restrutura\u00e7\u00e3o da Esplanada dos Minist\u00e9rios. O projeto seria votado ontem, mas acabou adiada, ap\u00f3s reuni\u00e3o entre Guimar\u00e3es, o presidente da C\u00e2mara, Arthur Lira (PP-AL) e l\u00edderes partid\u00e1rios. O governo tentar\u00e1 colocar a MP em vota\u00e7\u00e3o hoje. O prazo da medida provis\u00f3ria vai at\u00e9 quinta-feira (1\u00ba).<\/strong><\/p>\n<p><strong>Al\u00e9m das cr\u00edticas a Rui, os deputados apontaram excesso de espa\u00e7os para o pr\u00f3prio PT e siglas que n\u00e3o necessariamente entregam os votos no Congresso, a exemplo do Uni\u00e3o Brasil.<\/strong><\/p>\n<p><strong>O ministro Fl\u00e1vio Dino (Justi\u00e7a) tamb\u00e9m foi alvo de reclama\u00e7\u00f5es por viajar o pa\u00eds e n\u00e3o comunicar os parlamentares. Recentemente, Dino esteve na Bahia, para falar sobre recursos para a seguran\u00e7a p\u00fablica no estado.<\/strong><\/p>\n","protected":false},"excerpt":{"rendered":"<p>O l\u00edder do governo na C\u00e2mara, Jos\u00e9 Guimar\u00e3es (PT-CE), ouviu reclama\u00e7\u00f5es por parte de parlamentares pela demora na libera\u00e7\u00e3o de cargos e emendas e pela falta de interlocu\u00e7\u00e3o dos deputados com ministros do governo e o presidente Luiz In\u00e1cio Lula da Silva (PT). Um dos alvos das cr\u00edticas foi o ministro da Casa Civil, Rui [&hellip;]<\/p>\n","protected":false},"author":2,"featured_media":110133,"comment_status":"closed","ping_status":"open","sticky":false,"template":"","format":"standard","meta":{"footnotes":"","_links_to":"","_links_to_target":""},"categories":[1],"tags":[],"class_list":["post-110129","post","type-post","status-publish","format-standard","has-post-thumbnail","hentry","category-geral"],"views":768,"_links":{"self":[{"href":"https:\/\/www.sudoestehoje.com.br\/novoportal\/wp-json\/wp\/v2\/posts\/110129","targetHints":{"allow":["GET"]}}],"collection":[{"href":"https:\/\/www.sudoestehoje.com.br\/novoportal\/wp-json\/wp\/v2\/posts"}],"about":[{"href":"https:\/\/www.sudoestehoje.com.br\/novoportal\/wp-json\/wp\/v2\/types\/post"}],"author":[{"embeddable":true,"href":"https:\/\/www.sudoestehoje.com.br\/novoportal\/wp-json\/wp\/v2\/users\/2"}],"replies":[{"embeddable":true,"href":"https:\/\/www.sudoestehoje.com.br\/novoportal\/wp-json\/wp\/v2\/comments?post=110129"}],"version-history":[{"count":4,"href":"https:\/\/www.sudoestehoje.com.br\/novoportal\/wp-json\/wp\/v2\/posts\/110129\/revisions"}],"predecessor-version":[{"id":110134,"href":"https:\/\/www.sudoestehoje.com.br\/novoportal\/wp-json\/wp\/v2\/posts\/110129\/revisions\/110134"}],"wp:featuredmedia":[{"embeddable":true,"href":"https:\/\/www.sudoestehoje.com.br\/novoportal\/wp-json\/wp\/v2\/media\/110133"}],"wp:attachment":[{"href":"https:\/\/www.sudoestehoje.com.br\/novoportal\/wp-json\/wp\/v2\/media?parent=110129"}],"wp:term":[{"taxonomy":"category","embeddable":true,"href":"https:\/\/www.sudoestehoje.com.br\/novoportal\/wp-json\/wp\/v2\/categories?post=110129"},{"taxonomy":"post_tag","embeddable":true,"href":"https:\/\/www.sudoestehoje.com.br\/novoportal\/wp-json\/wp\/v2\/tags?post=110129"}],"curies":[{"name":"wp","href":"https:\/\/api.w.org\/{rel}","templated":true}]}}